{"id":183191,"date":"2019-05-21T14:37:43","date_gmt":"2019-05-21T11:37:43","guid":{"rendered":"http:\/\/www.sana.sy\/tr\/?p=183191"},"modified":"2019-05-21T14:37:43","modified_gmt":"2019-05-21T11:37:43","slug":"guvenlik-birimleri-hama-kirsalinin-kuzeyinde-yer-alan-kalet-madik-bolgesindeki-radikal-teror-yuvalarinda-yurt-disina-kacirilmak-uzere-hazirlanmis-arkeolojik-eserler-ele-gecirdi","status":"publish","type":"post","link":"https:\/\/archive.sana.sy\/tr\/?p=183191","title":{"rendered":"G\u00fcvenlik birimleri Hama k\u0131rsal\u0131n\u0131n kuzeyinde yer alan Kalet Madik b\u00f6lgesindeki radikal ter\u00f6r yuvalar\u0131nda yurt d\u0131\u015f\u0131na ka\u00e7\u0131r\u0131lmak \u00fczere haz\u0131rlanm\u0131\u015f arkeolojik eserler ele ge\u00e7irdi"},"content":{"rendered":"<p>G\u00fcvenlik birimleri Hama k\u0131rsal\u0131n\u0131n kuzeyinde yer alan Kalet Madik b\u00f6lgesindeki radikal ter\u00f6r yuvalar\u0131nda yurt d\u0131\u015f\u0131na ka\u00e7\u0131r\u0131lmak \u00fczere haz\u0131rlanm\u0131\u015f arkeolojik eserler ele ge\u00e7irdi<\/p>\n","protected":false},"excerpt":{"rendered":"<p>G\u00fcvenlik birimleri Hama k\u0131rsal\u0131n\u0131n kuzeyinde yer alan Kalet Madik b\u00f6lgesindeki radikal ter\u00f6r yuvalar\u0131nda yurt d\u0131\u015f\u0131na ka\u00e7\u0131r\u0131lmak \u00fczere haz\u0131rlanm\u0131\u015f arkeolojik eserler ele ge\u00e7irdi<\/p>\n","protected":false},"author":1,"featured_media":0,"comment_status":"closed","ping_status":"closed","sticky":false,"template":"","format":"standard","meta":{"footnotes":""},"categories":[17991],"tags":[],"class_list":["post-183191","post","type-post","status-publish","format-standard","","category-son-dakika"],"_links":{"self":[{"href":"https:\/\/archive.sana.sy\/tr\/index.php?rest_route=\/wp\/v2\/posts\/183191","targetHints":{"allow":["GET"]}}],"collection":[{"href":"https:\/\/archive.sana.sy\/tr\/index.php?rest_route=\/wp\/v2\/posts"}],"about":[{"href":"https:\/\/archive.sana.sy\/tr\/index.php?rest_route=\/wp\/v2\/types\/post"}],"author":[{"embeddable":true,"href":"https:\/\/archive.sana.sy\/tr\/index.php?rest_route=\/wp\/v2\/users\/1"}],"replies":[{"embeddable":true,"href":"https:\/\/archive.sana.sy\/tr\/index.php?rest_route=%2Fwp%2Fv2%2Fcomments&post=183191"}],"version-history":[{"count":0,"href":"https:\/\/archive.sana.sy\/tr\/index.php?rest_route=\/wp\/v2\/posts\/183191\/revisions"}],"wp:attachment":[{"href":"https:\/\/archive.sana.sy\/tr\/index.php?rest_route=%2Fwp%2Fv2%2Fmedia&parent=183191"}],"wp:term":[{"taxonomy":"category","embeddable":true,"href":"https:\/\/archive.sana.sy\/tr\/index.php?rest_route=%2Fwp%2Fv2%2Fcategories&post=183191"},{"taxonomy":"post_tag","embeddable":true,"href":"https:\/\/archive.sana.sy\/tr\/index.php?rest_route=%2Fwp%2Fv2%2Ftags&post=183191"}],"curies":[{"name":"wp","href":"https:\/\/api.w.org\/{rel}","templated":true}]}}