{"id":183217,"date":"2019-05-21T18:00:49","date_gmt":"2019-05-21T15:00:49","guid":{"rendered":"http:\/\/sana.sy\/tr\/?p=183217"},"modified":"2019-05-22T15:50:28","modified_gmt":"2019-05-22T12:50:28","slug":"suriye-uluslararasi-pyong-yang-22-ticaret-bahari-fuarina-katiliyor","status":"publish","type":"post","link":"https:\/\/archive.sana.sy\/tr\/?p=183217","title":{"rendered":"Suriye Uluslararas\u0131 Pyong Yang 22. Ticaret Bahar\u0131 Fuar\u0131na Kat\u0131l\u0131yor"},"content":{"rendered":"<p style=\"text-align: justify;\">PYONG YANG \u2013 Demokratik Kore&#8217;nin Ba\u015fkenti Pyong Yang&#8217;ta bug\u00fcn Suriye&#8217;nin kat\u0131l\u0131m\u0131yla Uluslararas\u0131 22. Ticaret Bahar\u0131 Fuar\u0131n\u0131n a\u00e7\u0131l\u0131\u015f\u0131 yap\u0131ld\u0131.<\/p>\n<p style=\"text-align: justify;\">Fuarda Suriye reyonu Koreli ve yabanc\u0131 ziyaret\u00e7iler taraf\u0131ndan b\u00fcy\u00fck bir ikbale tan\u0131k olurken, reyon ortas\u0131nda b\u00fcy\u00fck bir TV ekran\u0131nda Suriye&#8217;nin tarihi mekanlar\u0131yla \u00fcr\u00fcnleri sergilendi. Koreli ve \u00c7inli kameralar reyonda sergilenen Suriye \u00fcr\u00fcnlerine odakland\u0131.<\/p>\n<p style=\"text-align: justify;\">Demokratik Kore Ba\u015fbakan\u0131 Yard\u0131mc\u0131s\u0131 Ri Ryong Nam ve D\u0131\u015f Ekonomi Bakan\u0131 Kim Yong Ghe Suriye reyonunu ziyeret ederek, zeytinya\u011f\u0131, gar sabunu, kuma\u015flar, elbiseler ve Suriye el yap\u0131m\u0131 sanayii, g\u0131da maddeleri, tatl\u0131lar ve Suriye folklor\u00fcn\u00fc yans\u0131tan kuma\u015f \u00fcst\u00fc nak\u0131\u015flar\u0131 i\u00e7eren \u00fcr\u00fcnleri reyonda g\u00f6zden ge\u00e7irdi.<\/p>\n<p style=\"text-align: justify;\">Suriye reyonunu ayr\u0131ca, Rusya, Hindistan, K\u00fcba, Mongolya, Vietnam, Kambo\u00e7ya, Endonezya, Bulgaristan ve Filistin B\u00fcy\u00fckel\u00e7ileri gezerek Suriye&#8217;nin ge\u00e7ti\u011fi bu zor \u015fartlarda \u00fcr\u00fcnlerini sunmas\u0131ndan dolay\u0131 takdirlerini dile getirdiler.<\/p>\n<p style=\"text-align: justify;\">Bu arada Suriye B\u00fcy\u00fckel\u00e7ili\u011fi, Suriye&#8217;yi ilgilendiren turistik ve reklam bro\u015f\u00fcrleri da\u011f\u0131t\u0131rken, Koreli ziyaret\u00e7ilerin b\u00fcy\u00fck be\u011fenisine yol a\u00e7t\u0131. Rus \u0130TERTAS ajans\u0131na verdi\u011fi deme\u00e7te Suriye&#8217;nin Pyong Yang B\u00fcy\u00fckel\u00e7isi Temmam S\u00fcleyman, Demokratik Kore H\u00fckumetine \u015f\u00fckranlar\u0131n\u0131 sunarak, d\u00fcnyan\u0131n en \u00e7irkef ter\u00f6r sava\u015f\u0131na maruz kalan Suriye&#8217;nin ordusu ve halk\u0131n\u0131n g\u00fcc\u00fcyle ekonomisinin yeniden kalk\u0131naca\u011f\u0131n\u0131, y\u0131k\u0131m ve haraba maruz kalmas\u0131na ra\u011fmen imar s\u00fcrecini s\u00fcrd\u00fcrece\u011fini kan\u0131tlad\u0131\u011f\u0131n\u0131 belirtti.<\/p>\n<p style=\"text-align: justify;\">S\u00fcleyman, Emeperyalist g\u00fc\u00e7lerin Suriye ve Demokratik Kore gibi ba\u011f\u0131ms\u0131z \u00fclkeleri, kendi kendine itimat kanal\u0131yla \u00fclkenin kalk\u0131nmas\u0131 ve geli\u015fmesi s\u00fcrecini devam ettirmelerinden men edemeyece\u011fini s\u00f6yledi.<\/p>\n<p style=\"text-align: justify;\">20-24 May\u0131s tarihleri aras\u0131nda devam edecek olan fuar\u0131n a\u00e7\u0131l\u0131\u015f\u0131na, Demokratik Kore \u2013 Suriye Dostluk Cemiyeti Ba\u015fkan\u0131, diplomatik heyet ile fuara kat\u0131lan yabanc\u0131 \u015firketlerden b\u00fcy\u00fck say\u0131da temsilci kat\u0131ld\u0131.<\/p>\n<p>\u00c7eviri: S.\u015eahut<\/p>\n","protected":false},"excerpt":{"rendered":"<p>PYONG YANG \u2013 Demokratik Kore&#8217;nin Ba\u015fkenti Pyong Yang&#8217;ta bug\u00fcn Suriye&#8217;nin kat\u0131l\u0131m\u0131yla Uluslararas\u0131 22. Ticaret Bahar\u0131 Fuar\u0131n\u0131n a\u00e7\u0131l\u0131\u015f\u0131 yap\u0131ld\u0131. Fuarda Suriye reyonu Koreli ve yabanc\u0131 ziyaret\u00e7iler taraf\u0131ndan b\u00fcy\u00fck bir ikbale tan\u0131k olurken, reyon ortas\u0131nda b\u00fcy\u00fck bir TV ekran\u0131nda Suriye&#8217;nin tarihi mekanlar\u0131yla \u00fcr\u00fcnleri sergilendi. Koreli ve \u00c7inli kameralar reyonda sergilenen Suriye \u00fcr\u00fcnlerine odakland\u0131. Demokratik Kore Ba\u015fbakan\u0131 Yard\u0131mc\u0131s\u0131 &hellip;<\/p>\n","protected":false},"author":1,"featured_media":183218,"comment_status":"closed","ping_status":"closed","sticky":false,"template":"","format":"standard","meta":{"footnotes":""},"categories":[458,459,17988],"tags":[],"class_list":["post-183217","post","type-post","status-publish","format-standard","has-post-thumbnail","","category-dunya1","category-haberler-arap-uluslararasi-politika","category-son-haberler"],"_links":{"self":[{"href":"https:\/\/archive.sana.sy\/tr\/index.php?rest_route=\/wp\/v2\/posts\/183217","targetHints":{"allow":["GET"]}}],"collection":[{"href":"https:\/\/archive.sana.sy\/tr\/index.php?rest_route=\/wp\/v2\/posts"}],"about":[{"href":"https:\/\/archive.sana.sy\/tr\/index.php?rest_route=\/wp\/v2\/types\/post"}],"author":[{"embeddable":true,"href":"https:\/\/archive.sana.sy\/tr\/index.php?rest_route=\/wp\/v2\/users\/1"}],"replies":[{"embeddable":true,"href":"https:\/\/archive.sana.sy\/tr\/index.php?rest_route=%2Fwp%2Fv2%2Fcomments&post=183217"}],"version-history":[{"count":0,"href":"https:\/\/archive.sana.sy\/tr\/index.php?rest_route=\/wp\/v2\/posts\/183217\/revisions"}],"wp:featuredmedia":[{"embeddable":true,"href":"https:\/\/archive.sana.sy\/tr\/index.php?rest_route=\/wp\/v2\/media\/183218"}],"wp:attachment":[{"href":"https:\/\/archive.sana.sy\/tr\/index.php?rest_route=%2Fwp%2Fv2%2Fmedia&parent=183217"}],"wp:term":[{"taxonomy":"category","embeddable":true,"href":"https:\/\/archive.sana.sy\/tr\/index.php?rest_route=%2Fwp%2Fv2%2Fcategories&post=183217"},{"taxonomy":"post_tag","embeddable":true,"href":"https:\/\/archive.sana.sy\/tr\/index.php?rest_route=%2Fwp%2Fv2%2Ftags&post=183217"}],"curies":[{"name":"wp","href":"https:\/\/api.w.org\/{rel}","templated":true}]}}