{"id":183220,"date":"2019-05-21T17:29:23","date_gmt":"2019-05-21T14:29:23","guid":{"rendered":"http:\/\/sana.sy\/tr\/?p=183220"},"modified":"2019-05-27T14:23:33","modified_gmt":"2019-05-27T11:23:33","slug":"suriye-uluslararasi-fikri-mulkiyet-konferansinda","status":"publish","type":"post","link":"https:\/\/archive.sana.sy\/tr\/?p=183220","title":{"rendered":"Suriye, Uluslararas\u0131 Fikri M\u00fclkiyet Konferans\u0131nda"},"content":{"rendered":"<p style=\"text-align: justify;\">CENEVRE \u2013 Suriye ve yakla\u015f\u0131k 100 Arap ve yabanc\u0131 \u00fclke 23 May\u0131s&#8217;a kadar Cenevre&#8217;de devam edecek olan Uluslararas\u0131 Fikri M\u00fclkiyet Konferans\u0131 ile Kalk\u0131nma ve Fikri M\u00fclkiyet Komitesi&#8217;nin 23. Toplant\u0131s\u0131&#8217;n\u0131n faaliyetlerine kat\u0131l\u0131yor.<\/p>\n<p style=\"text-align: justify;\">\u0130\u00e7 Ticaret ve T\u00fcketiyi Koruma Bakan\u0131 Yard\u0131mc\u0131s\u0131 Cemaleddin \u015euayb, konferansta yapt\u0131\u011f\u0131 konu\u015fmada, Bakanl\u0131ktaki Ticari ve Sanayi M\u00fckiyetin Korunmas\u0131 M\u00fcd\u00fcrl\u00fc\u011f\u00fcn\u00fcn, yarat\u0131c\u0131l\u0131\u011f\u0131, k\u00fc\u00e7\u00fck ve orta \u00f6l\u00e7ekli projeleri ve teknoloji transferini destekleyecek bir merkez olu\u015fturmak i\u00e7in bir \u00f6n yap\u0131 olu\u015fturmada yerel ve e\u011fitimli uzmanl\u0131klara itimat etmeyei s\u00fcrd\u00fcrece\u011fini belirtti.<\/p>\n<p style=\"text-align: justify;\">\u015euayb ayr\u0131ca, fikri m\u00fclkiyet k\u00fclt\u00fcr\u00fcn\u00fcn \u00e7e\u015fitli sekt\u00f6rlerde yay\u0131lmas\u0131na \u00e7al\u0131\u015f\u0131laca\u011f\u0131n\u0131 ve uygulanmas\u0131 beklenilen kalk\u0131nma g\u00fcndemi projelerine dahil edilece\u011fine dikkat \u00e7ekti.<\/p>\n<p>\u00c7eviri: S.\u015eahut<\/p>\n","protected":false},"excerpt":{"rendered":"<p>CENEVRE \u2013 Suriye ve yakla\u015f\u0131k 100 Arap ve yabanc\u0131 \u00fclke 23 May\u0131s&#8217;a kadar Cenevre&#8217;de devam edecek olan Uluslararas\u0131 Fikri M\u00fclkiyet Konferans\u0131 ile Kalk\u0131nma ve Fikri M\u00fclkiyet Komitesi&#8217;nin 23. Toplant\u0131s\u0131&#8217;n\u0131n faaliyetlerine kat\u0131l\u0131yor. \u0130\u00e7 Ticaret ve T\u00fcketiyi Koruma Bakan\u0131 Yard\u0131mc\u0131s\u0131 Cemaleddin \u015euayb, konferansta yapt\u0131\u011f\u0131 konu\u015fmada, Bakanl\u0131ktaki Ticari ve Sanayi M\u00fckiyetin Korunmas\u0131 M\u00fcd\u00fcrl\u00fc\u011f\u00fcn\u00fcn, yarat\u0131c\u0131l\u0131\u011f\u0131, k\u00fc\u00e7\u00fck ve orta \u00f6l\u00e7ekli &hellip;<\/p>\n","protected":false},"author":1,"featured_media":183221,"comment_status":"closed","ping_status":"closed","sticky":false,"template":"","format":"standard","meta":{"footnotes":""},"categories":[458,459,17988],"tags":[],"class_list":["post-183220","post","type-post","status-publish","format-standard","has-post-thumbnail","","category-dunya1","category-haberler-arap-uluslararasi-politika","category-son-haberler"],"_links":{"self":[{"href":"https:\/\/archive.sana.sy\/tr\/index.php?rest_route=\/wp\/v2\/posts\/183220","targetHints":{"allow":["GET"]}}],"collection":[{"href":"https:\/\/archive.sana.sy\/tr\/index.php?rest_route=\/wp\/v2\/posts"}],"about":[{"href":"https:\/\/archive.sana.sy\/tr\/index.php?rest_route=\/wp\/v2\/types\/post"}],"author":[{"embeddable":true,"href":"https:\/\/archive.sana.sy\/tr\/index.php?rest_route=\/wp\/v2\/users\/1"}],"replies":[{"embeddable":true,"href":"https:\/\/archive.sana.sy\/tr\/index.php?rest_route=%2Fwp%2Fv2%2Fcomments&post=183220"}],"version-history":[{"count":0,"href":"https:\/\/archive.sana.sy\/tr\/index.php?rest_route=\/wp\/v2\/posts\/183220\/revisions"}],"wp:featuredmedia":[{"embeddable":true,"href":"https:\/\/archive.sana.sy\/tr\/index.php?rest_route=\/wp\/v2\/media\/183221"}],"wp:attachment":[{"href":"https:\/\/archive.sana.sy\/tr\/index.php?rest_route=%2Fwp%2Fv2%2Fmedia&parent=183220"}],"wp:term":[{"taxonomy":"category","embeddable":true,"href":"https:\/\/archive.sana.sy\/tr\/index.php?rest_route=%2Fwp%2Fv2%2Fcategories&post=183220"},{"taxonomy":"post_tag","embeddable":true,"href":"https:\/\/archive.sana.sy\/tr\/index.php?rest_route=%2Fwp%2Fv2%2Ftags&post=183220"}],"curies":[{"name":"wp","href":"https:\/\/api.w.org\/{rel}","templated":true}]}}