{"id":183241,"date":"2019-05-22T15:19:11","date_gmt":"2019-05-22T12:19:11","guid":{"rendered":"http:\/\/www.sana.sy\/tr\/?p=183241"},"modified":"2019-05-22T15:19:11","modified_gmt":"2019-05-22T12:19:11","slug":"sana-muhabiri-daha-once-teror-gruplarinin-varligindan-dolayi-tehcir-edilen-ve-urdundeki-kamplarda-yasayan-suriyeli-ailelerden-bir-grubun-daha-ana-vatana-ve-evlerine-donduklerini-aktardi","status":"publish","type":"post","link":"https:\/\/archive.sana.sy\/tr\/?p=183241","title":{"rendered":"SANA muhabiri; Daha \u00f6nce ter\u00f6r gruplar\u0131n\u0131n varl\u0131\u011f\u0131ndan dolay\u0131 tehcir edilen ve \u00dcrd\u00fcn\u2019deki kamplarda ya\u015fayan Suriyeli ailelerden bir grubun daha ana vatana ve evlerine d\u00f6nd\u00fcklerini aktard\u0131"},"content":{"rendered":"<p>SANA muhabiri; Daha \u00f6nce ter\u00f6r gruplar\u0131n\u0131n varl\u0131\u011f\u0131ndan dolay\u0131 tehcir edilen ve \u00dcrd\u00fcn\u2019deki kamplarda ya\u015fayan Suriyeli ailelerden bir grubun daha ana vatana ve evlerine d\u00f6nd\u00fcklerini aktard\u0131<\/p>\n","protected":false},"excerpt":{"rendered":"<p>SANA muhabiri; Daha \u00f6nce ter\u00f6r gruplar\u0131n\u0131n varl\u0131\u011f\u0131ndan dolay\u0131 tehcir edilen ve \u00dcrd\u00fcn\u2019deki kamplarda ya\u015fayan Suriyeli ailelerden bir grubun daha ana vatana ve evlerine d\u00f6nd\u00fcklerini aktard\u0131<\/p>\n","protected":false},"author":1,"featured_media":0,"comment_status":"closed","ping_status":"closed","sticky":false,"template":"","format":"standard","meta":{"footnotes":""},"categories":[17991],"tags":[],"class_list":["post-183241","post","type-post","status-publish","format-standard","","category-son-dakika"],"_links":{"self":[{"href":"https:\/\/archive.sana.sy\/tr\/index.php?rest_route=\/wp\/v2\/posts\/183241","targetHints":{"allow":["GET"]}}],"collection":[{"href":"https:\/\/archive.sana.sy\/tr\/index.php?rest_route=\/wp\/v2\/posts"}],"about":[{"href":"https:\/\/archive.sana.sy\/tr\/index.php?rest_route=\/wp\/v2\/types\/post"}],"author":[{"embeddable":true,"href":"https:\/\/archive.sana.sy\/tr\/index.php?rest_route=\/wp\/v2\/users\/1"}],"replies":[{"embeddable":true,"href":"https:\/\/archive.sana.sy\/tr\/index.php?rest_route=%2Fwp%2Fv2%2Fcomments&post=183241"}],"version-history":[{"count":0,"href":"https:\/\/archive.sana.sy\/tr\/index.php?rest_route=\/wp\/v2\/posts\/183241\/revisions"}],"wp:attachment":[{"href":"https:\/\/archive.sana.sy\/tr\/index.php?rest_route=%2Fwp%2Fv2%2Fmedia&parent=183241"}],"wp:term":[{"taxonomy":"category","embeddable":true,"href":"https:\/\/archive.sana.sy\/tr\/index.php?rest_route=%2Fwp%2Fv2%2Fcategories&post=183241"},{"taxonomy":"post_tag","embeddable":true,"href":"https:\/\/archive.sana.sy\/tr\/index.php?rest_route=%2Fwp%2Fv2%2Ftags&post=183241"}],"curies":[{"name":"wp","href":"https:\/\/api.w.org\/{rel}","templated":true}]}}