{"id":183243,"date":"2019-05-22T14:30:22","date_gmt":"2019-05-22T11:30:22","guid":{"rendered":"http:\/\/www.sana.sy\/tr\/?p=183243"},"modified":"2019-05-23T13:17:15","modified_gmt":"2019-05-23T10:17:15","slug":"muhendislik-arastirmalar-kamu-sirketi-kuruluyor","status":"publish","type":"post","link":"https:\/\/archive.sana.sy\/tr\/?p=183243","title":{"rendered":"M\u00fchendislik Ara\u015ft\u0131rmalar Kamu \u015eirketi Kuruluyor"},"content":{"rendered":"<p>\u015eAM \u2013 Cumhurba\u015fkan\u0131 Be\u015f\u015far el Esad bug\u00fcn M\u00fchendislik Ara\u015ft\u0131rmalar\u0131 ad\u0131 alt\u0131nda ekonomik yap\u0131ya sahip bir \u015firketin kurulmas\u0131n\u0131 \u00f6ng\u00f6ren 2019\/12 say\u0131l\u0131 kanunnameyi onaylad\u0131.<\/p>\n<p>Anayasa ve kanunlar\u0131n yan\u0131 s\u0131ra Halk Meclisinin 16-05-2019 tarihli oturumunda tart\u0131\u015f\u0131p kararla\u015ft\u0131rmas\u0131 ard\u0131ndan cumhurba\u015fkanl\u0131\u011f\u0131na sevk etti\u011fi kanunname gere\u011fince s\u00f6z konusu kamu \u015firketinin ana merkezi ba\u015fkent \u015eam olacak. Kanunname bu \u015firketin di\u011fer illerde de \u015fubeleri olmas\u0131n\u0131 \u00f6ng\u00f6r\u00fcyor.<\/p>\n<p>S\u00f6z konusu kamu \u015firketinin temel misyonlar\u0131 aras\u0131nda in\u015faat, bay\u0131nd\u0131rl\u0131k ve farkl\u0131 sekt\u00f6rlerde hizmet projeleri ara\u015ft\u0131rma, fizibilite raporu haz\u0131rlama ve benzeri gibi misyonlar \u00fcstlenecek. Ayn\u0131 zamanda geli\u015fen teknolojiyle entegreli olarak tasar\u0131m ve \u00fcretim projeleri haz\u0131rlayacak.<\/p>\n","protected":false},"excerpt":{"rendered":"<p>\u015eAM \u2013 Cumhurba\u015fkan\u0131 Be\u015f\u015far el Esad bug\u00fcn M\u00fchendislik Ara\u015ft\u0131rmalar\u0131 ad\u0131 alt\u0131nda ekonomik yap\u0131ya sahip bir \u015firketin kurulmas\u0131n\u0131 \u00f6ng\u00f6ren 2019\/12 say\u0131l\u0131 kanunnameyi onaylad\u0131. Anayasa ve kanunlar\u0131n yan\u0131 s\u0131ra Halk Meclisinin 16-05-2019 tarihli oturumunda tart\u0131\u015f\u0131p kararla\u015ft\u0131rmas\u0131 ard\u0131ndan cumhurba\u015fkanl\u0131\u011f\u0131na sevk etti\u011fi kanunname gere\u011fince s\u00f6z konusu kamu \u015firketinin ana merkezi ba\u015fkent \u015eam olacak. Kanunname bu \u015firketin di\u011fer illerde de &hellip;<\/p>\n","protected":false},"author":1,"featured_media":183244,"comment_status":"closed","ping_status":"closed","sticky":false,"template":"","format":"standard","meta":{"footnotes":""},"categories":[479,605,17988,612,478],"tags":[],"class_list":["post-183243","post","type-post","status-publish","format-standard","has-post-thumbnail","","category-haberler-yerel","category-sayin-cumhurbaskani","category-son-haberler","category-yasama-kararnameler","category-yerel"],"_links":{"self":[{"href":"https:\/\/archive.sana.sy\/tr\/index.php?rest_route=\/wp\/v2\/posts\/183243","targetHints":{"allow":["GET"]}}],"collection":[{"href":"https:\/\/archive.sana.sy\/tr\/index.php?rest_route=\/wp\/v2\/posts"}],"about":[{"href":"https:\/\/archive.sana.sy\/tr\/index.php?rest_route=\/wp\/v2\/types\/post"}],"author":[{"embeddable":true,"href":"https:\/\/archive.sana.sy\/tr\/index.php?rest_route=\/wp\/v2\/users\/1"}],"replies":[{"embeddable":true,"href":"https:\/\/archive.sana.sy\/tr\/index.php?rest_route=%2Fwp%2Fv2%2Fcomments&post=183243"}],"version-history":[{"count":0,"href":"https:\/\/archive.sana.sy\/tr\/index.php?rest_route=\/wp\/v2\/posts\/183243\/revisions"}],"wp:featuredmedia":[{"embeddable":true,"href":"https:\/\/archive.sana.sy\/tr\/index.php?rest_route=\/wp\/v2\/media\/183244"}],"wp:attachment":[{"href":"https:\/\/archive.sana.sy\/tr\/index.php?rest_route=%2Fwp%2Fv2%2Fmedia&parent=183243"}],"wp:term":[{"taxonomy":"category","embeddable":true,"href":"https:\/\/archive.sana.sy\/tr\/index.php?rest_route=%2Fwp%2Fv2%2Fcategories&post=183243"},{"taxonomy":"post_tag","embeddable":true,"href":"https:\/\/archive.sana.sy\/tr\/index.php?rest_route=%2Fwp%2Fv2%2Ftags&post=183243"}],"curies":[{"name":"wp","href":"https:\/\/api.w.org\/{rel}","templated":true}]}}