{"id":183249,"date":"2019-05-22T14:30:28","date_gmt":"2019-05-22T11:30:28","guid":{"rendered":"http:\/\/www.sana.sy\/tr\/?p=183249"},"modified":"2019-05-23T16:04:32","modified_gmt":"2019-05-23T13:04:32","slug":"iki-ulke-arasindaki-iliskileri-gelistirme-onemi-kaydedildi","status":"publish","type":"post","link":"https:\/\/archive.sana.sy\/tr\/?p=183249","title":{"rendered":"\u0130ki \u00dclke Aras\u0131ndaki \u0130li\u015fkileri Geli\u015ftirme \u00d6nemi Kaydedildi"},"content":{"rendered":"<p>\u015eAM \u2013 D\u0131\u015fi\u015fleri ve Gurbet\u00e7iler Bakan Yard\u0131mc\u0131s\u0131 faysal Mikdat bug\u00fcn, Tacikistan Cumhurba\u015fkan\u0131n\u0131n Ortado\u011fu \u00d6zel Temsilcisi Zubaidullo Zubaidzoda ve Suriye ziyaretinde ona e\u015flik eden heyeti kabul etti.<\/p>\n<p>G\u00f6r\u00fc\u015fmede Mikdat Suriye&#8217;deki kriz ve \u00e7\u00f6z\u00fcm\u00fcne ili\u015fkin \u00e7abalar\u0131n yan\u0131 s\u0131ra ter\u00f6rle m\u00fccadele konusunda son durum ve geli\u015fmelere \u0131\u015f\u0131k tutan bir sunumu konuk heyete takdim etti. Mikdat Suriye ve halk\u0131n\u0131n maruz kald\u0131klar\u0131 muhtelif y\u00f6nl\u00fc evrensel sava\u015f kar\u015f\u0131s\u0131nda Suriye ve halk\u0131n\u0131 destekleyen tutumundan dolay\u0131 Tacikistan y\u00f6netimi ve halk\u0131na \u015f\u00fckranlar\u0131n\u0131 ifade etti.<a href=\"http:\/\/www.sana.sy\/tr\/wp-content\/uploads\/2019\/05\/KHL_1988.jpg\"><img loading=\"lazy\" decoding=\"async\" class=\"alignright size-medium wp-image-183251\" src=\"http:\/\/www.sana.sy\/tr\/wp-content\/uploads\/2019\/05\/KHL_1988-300x179.jpg\" alt=\"\" width=\"300\" height=\"179\" srcset=\"https:\/\/archive.sana.sy\/tr\/wp-content\/uploads\/2019\/05\/KHL_1988-300x179.jpg 300w, https:\/\/archive.sana.sy\/tr\/wp-content\/uploads\/2019\/05\/KHL_1988-150x90.jpg 150w, https:\/\/archive.sana.sy\/tr\/wp-content\/uploads\/2019\/05\/KHL_1988-768x458.jpg 768w, https:\/\/archive.sana.sy\/tr\/wp-content\/uploads\/2019\/05\/KHL_1988-1024x611.jpg 1024w\" sizes=\"auto, (max-width: 300px) 100vw, 300px\" \/><\/a><\/p>\n<p>\u0130ki \u00fclke aras\u0131ndaki ili\u015fkilerin farkl\u0131 alanlarda geli\u015ftirilmesi ve iki taraf aras\u0131ndaki anla\u015fmalar\u0131n etkinle\u015ftirilmesi \u00f6nemini ifade eden Mikdat; bunun iki \u00fclke ve halklar\u0131na faydal\u0131 olaca\u011f\u0131n\u0131 kaydetti.<\/p>\n<p>Mikdat ABD ve m\u00fcttefiklerinin Suriye ve halk\u0131na kar\u015f\u0131 ekonomik bask\u0131lar\u0131na da dikkat \u00e7ekerken; halk\u0131n iradesini k\u0131rmay\u0131 ama\u00e7layan bu bask\u0131 ve yapt\u0131r\u0131mlar\u0131n hedefine ula\u015famayaca\u011f\u0131n\u0131 belirtti.<\/p>\n<p>Konuk heyet ba\u015fkan\u0131 Zubaidzoda Suriye ve halk\u0131na kar\u015f\u0131 edat olarak kullan\u0131lan ter\u00f6re kar\u015f\u0131 \u015fanl\u0131 zaferlerinden dolay\u0131 Suriye y\u00f6netimi ve halk\u0131n\u0131n m\u00fccadelesini takdirle kar\u015f\u0131lad\u0131\u011f\u0131n\u0131 ifade edip \u00f6vd\u00fc.<\/p>\n<div id='gallery-1' class='gallery galleryid-183249 gallery-columns-1 gallery-size-full'><figure class='gallery-item'>\n\t\t\t<div class='gallery-icon landscape'>\n\t\t\t\t<a href='https:\/\/archive.sana.sy\/tr\/wp-content\/uploads\/2019\/05\/KHL_1999-copy.jpg'><img loading=\"lazy\" decoding=\"async\" width=\"3543\" height=\"1964\" src=\"https:\/\/archive.sana.sy\/tr\/wp-content\/uploads\/2019\/05\/KHL_1999-copy.jpg\" class=\"attachment-full size-full\" alt=\"\" srcset=\"https:\/\/archive.sana.sy\/tr\/wp-content\/uploads\/2019\/05\/KHL_1999-copy.jpg 3543w, https:\/\/archive.sana.sy\/tr\/wp-content\/uploads\/2019\/05\/KHL_1999-copy-150x83.jpg 150w, https:\/\/archive.sana.sy\/tr\/wp-content\/uploads\/2019\/05\/KHL_1999-copy-300x166.jpg 300w, https:\/\/archive.sana.sy\/tr\/wp-content\/uploads\/2019\/05\/KHL_1999-copy-768x426.jpg 768w, https:\/\/archive.sana.sy\/tr\/wp-content\/uploads\/2019\/05\/KHL_1999-copy-1024x568.jpg 1024w\" sizes=\"auto, (max-width: 3543px) 100vw, 3543px\" \/><\/a>\n\t\t\t<\/div><\/figure>\n\t\t<\/div>\n\n","protected":false},"excerpt":{"rendered":"<p>\u015eAM \u2013 D\u0131\u015fi\u015fleri ve Gurbet\u00e7iler Bakan Yard\u0131mc\u0131s\u0131 faysal Mikdat bug\u00fcn, Tacikistan Cumhurba\u015fkan\u0131n\u0131n Ortado\u011fu \u00d6zel Temsilcisi Zubaidullo Zubaidzoda ve Suriye ziyaretinde ona e\u015flik eden heyeti kabul etti. G\u00f6r\u00fc\u015fmede Mikdat Suriye&#8217;deki kriz ve \u00e7\u00f6z\u00fcm\u00fcne ili\u015fkin \u00e7abalar\u0131n yan\u0131 s\u0131ra ter\u00f6rle m\u00fccadele konusunda son durum ve geli\u015fmelere \u0131\u015f\u0131k tutan bir sunumu konuk heyete takdim etti. Mikdat Suriye ve halk\u0131n\u0131n &hellip;<\/p>\n","protected":false},"author":1,"featured_media":183250,"comment_status":"closed","ping_status":"closed","sticky":false,"template":"","format":"standard","meta":{"footnotes":""},"categories":[479,17988,478],"tags":[],"class_list":["post-183249","post","type-post","status-publish","format-standard","has-post-thumbnail","","category-haberler-yerel","category-son-haberler","category-yerel"],"_links":{"self":[{"href":"https:\/\/archive.sana.sy\/tr\/index.php?rest_route=\/wp\/v2\/posts\/183249","targetHints":{"allow":["GET"]}}],"collection":[{"href":"https:\/\/archive.sana.sy\/tr\/index.php?rest_route=\/wp\/v2\/posts"}],"about":[{"href":"https:\/\/archive.sana.sy\/tr\/index.php?rest_route=\/wp\/v2\/types\/post"}],"author":[{"embeddable":true,"href":"https:\/\/archive.sana.sy\/tr\/index.php?rest_route=\/wp\/v2\/users\/1"}],"replies":[{"embeddable":true,"href":"https:\/\/archive.sana.sy\/tr\/index.php?rest_route=%2Fwp%2Fv2%2Fcomments&post=183249"}],"version-history":[{"count":0,"href":"https:\/\/archive.sana.sy\/tr\/index.php?rest_route=\/wp\/v2\/posts\/183249\/revisions"}],"wp:featuredmedia":[{"embeddable":true,"href":"https:\/\/archive.sana.sy\/tr\/index.php?rest_route=\/wp\/v2\/media\/183250"}],"wp:attachment":[{"href":"https:\/\/archive.sana.sy\/tr\/index.php?rest_route=%2Fwp%2Fv2%2Fmedia&parent=183249"}],"wp:term":[{"taxonomy":"category","embeddable":true,"href":"https:\/\/archive.sana.sy\/tr\/index.php?rest_route=%2Fwp%2Fv2%2Fcategories&post=183249"},{"taxonomy":"post_tag","embeddable":true,"href":"https:\/\/archive.sana.sy\/tr\/index.php?rest_route=%2Fwp%2Fv2%2Ftags&post=183249"}],"curies":[{"name":"wp","href":"https:\/\/api.w.org\/{rel}","templated":true}]}}