{"id":183273,"date":"2019-05-22T15:15:48","date_gmt":"2019-05-22T12:15:48","guid":{"rendered":"http:\/\/www.sana.sy\/tr\/?p=183273"},"modified":"2019-05-23T16:04:28","modified_gmt":"2019-05-23T13:04:28","slug":"urdundeki-kamplardan-donusleri-devam-ediyor-4","status":"publish","type":"post","link":"https:\/\/archive.sana.sy\/tr\/?p=183273","title":{"rendered":"\u00dcrd\u00fcn\u2019deki Kamplardan D\u00f6n\u00fc\u015fleri Devam Ediyor"},"content":{"rendered":"<p>DERA \u2013 Daha \u00f6nce \u00dcrd\u00fcn\u2019e tehcir edilen Suriyeliler \u00dcrd\u00fcn\u2019de ikamet ettikleri m\u00fclteci kamplar\u0131ndan ayr\u0131lma ve vatana d\u00f6nmeye devam ediyor.<\/p>\n<p>Dera\u2019da \u00dcrd\u00fcn\u2019e a\u00e7\u0131lan Nasib S\u0131n\u0131r Kap\u0131s\u0131nda yetkili bir kaynak s\u0131n\u0131r kap\u0131s\u0131n\u0131n bug\u00fcn \u00dcrd\u00fcn\u2019deki kamplardan ayr\u0131larak vatana d\u00f6nen \u00e7ok say\u0131da aileye tan\u0131k oldu\u011funu ifade etti.<\/p>\n<p>Kaynak aralar\u0131nda \u00e7ocuk ve kad\u0131nlar\u0131n da bulundu\u011fu vatanda\u015flara gerekli insani ve t\u0131bbi yard\u0131mlar\u0131n yap\u0131lmas\u0131 ard\u0131ndan kanun ka\u00e7aklar\u0131 ve askeri firariler dahil t\u00fcm\u00fc resmi i\u015flemlerden sonra tahsis edilen ara\u00e7larla belde ve k\u00f6ylerine aktar\u0131ld\u0131klar\u0131n\u0131 kaydetti.<\/p>\n","protected":false},"excerpt":{"rendered":"<p>DERA \u2013 Daha \u00f6nce \u00dcrd\u00fcn\u2019e tehcir edilen Suriyeliler \u00dcrd\u00fcn\u2019de ikamet ettikleri m\u00fclteci kamplar\u0131ndan ayr\u0131lma ve vatana d\u00f6nmeye devam ediyor. Dera\u2019da \u00dcrd\u00fcn\u2019e a\u00e7\u0131lan Nasib S\u0131n\u0131r Kap\u0131s\u0131nda yetkili bir kaynak s\u0131n\u0131r kap\u0131s\u0131n\u0131n bug\u00fcn \u00dcrd\u00fcn\u2019deki kamplardan ayr\u0131larak vatana d\u00f6nen \u00e7ok say\u0131da aileye tan\u0131k oldu\u011funu ifade etti. Kaynak aralar\u0131nda \u00e7ocuk ve kad\u0131nlar\u0131n da bulundu\u011fu vatanda\u015flara gerekli insani ve t\u0131bbi &hellip;<\/p>\n","protected":false},"author":1,"featured_media":183276,"comment_status":"closed","ping_status":"closed","sticky":false,"template":"","format":"standard","meta":{"footnotes":""},"categories":[479,17988,478],"tags":[],"class_list":["post-183273","post","type-post","status-publish","format-standard","has-post-thumbnail","","category-haberler-yerel","category-son-haberler","category-yerel"],"_links":{"self":[{"href":"https:\/\/archive.sana.sy\/tr\/index.php?rest_route=\/wp\/v2\/posts\/183273","targetHints":{"allow":["GET"]}}],"collection":[{"href":"https:\/\/archive.sana.sy\/tr\/index.php?rest_route=\/wp\/v2\/posts"}],"about":[{"href":"https:\/\/archive.sana.sy\/tr\/index.php?rest_route=\/wp\/v2\/types\/post"}],"author":[{"embeddable":true,"href":"https:\/\/archive.sana.sy\/tr\/index.php?rest_route=\/wp\/v2\/users\/1"}],"replies":[{"embeddable":true,"href":"https:\/\/archive.sana.sy\/tr\/index.php?rest_route=%2Fwp%2Fv2%2Fcomments&post=183273"}],"version-history":[{"count":0,"href":"https:\/\/archive.sana.sy\/tr\/index.php?rest_route=\/wp\/v2\/posts\/183273\/revisions"}],"wp:featuredmedia":[{"embeddable":true,"href":"https:\/\/archive.sana.sy\/tr\/index.php?rest_route=\/wp\/v2\/media\/183276"}],"wp:attachment":[{"href":"https:\/\/archive.sana.sy\/tr\/index.php?rest_route=%2Fwp%2Fv2%2Fmedia&parent=183273"}],"wp:term":[{"taxonomy":"category","embeddable":true,"href":"https:\/\/archive.sana.sy\/tr\/index.php?rest_route=%2Fwp%2Fv2%2Fcategories&post=183273"},{"taxonomy":"post_tag","embeddable":true,"href":"https:\/\/archive.sana.sy\/tr\/index.php?rest_route=%2Fwp%2Fv2%2Ftags&post=183273"}],"curies":[{"name":"wp","href":"https:\/\/api.w.org\/{rel}","templated":true}]}}