{"id":183279,"date":"2019-05-22T21:57:50","date_gmt":"2019-05-22T18:57:50","guid":{"rendered":"http:\/\/www.sana.sy\/tr\/?p=183279"},"modified":"2019-05-23T16:04:24","modified_gmt":"2019-05-23T13:04:24","slug":"washingtonun-tehcir-edilenlerin-cikisini-engellemesi-sonucunda-rukban-ve-hol-kamplarinda-her-gun-10-kisi-vefat-ediyor","status":"publish","type":"post","link":"https:\/\/archive.sana.sy\/tr\/?p=183279","title":{"rendered":"Washington&#8217;un Tehcir Edilenlerin \u00c7\u0131k\u0131\u015f\u0131n\u0131 Engellemesi Sonucunda Rukban ve Hol Kamplar\u0131nda Her G\u00fcn 10 Ki\u015fi Vefat Ediyor"},"content":{"rendered":"<p style=\"text-align: justify;\">\u015eAM \u2013 MOSKOVA \u2013 Suriye ve Rusya Koordinasyon Heyetleri, Washington&#8217;un \u00f6zellikle yaz\u0131n s\u0131cakl\u0131klar\u0131n artmas\u0131, su, g\u0131da ve sa\u011fl\u0131k bak\u0131m\u0131ndaki eksiklikten dolay\u0131, Rukban ve el Hol Kamplar\u0131ndaki insani durumlar\u0131n k\u00f6t\u00fcye gitmesi sorumlulu\u011funu \u00fcstlendi\u011fini bir kez daha belirtti.<\/p>\n<p style=\"text-align: justify;\">Heyetler bug\u00fcn yay\u0131nlad\u0131klar\u0131 beyanda, sivil vatanda\u015flar\u0131n su ve g\u0131da maddelerinin eksikli\u011fiyle sa\u011fl\u0131ks\u0131z ko\u015fullar g\u00f6lgesinde ya\u015fad\u0131klar\u0131 zor ko\u015fullar alt\u0131nda Rukban ve el Hol kamplar\u0131ndaki insani durumlar\u0131n gittik\u00e7e k\u00f6t\u00fcye gitti\u011fini bunun sonucunda ba\u015fta \u00e7ocuklar olmak \u00fczere\u00a0 ahali aras\u0131nda hastal\u0131klar\u0131n yay\u0131ld\u0131\u011f\u0131n\u0131 ve her g\u00fcn 7-10 ki\u015finin vefat\u0131na yol a\u00e7t\u0131\u011f\u0131n\u0131 ifade etti.<\/p>\n<p style=\"text-align: justify;\">Beyan, Suriye ve Rusya&#8217;n\u0131n ortak \u00e7abalar\u0131yla bug\u00fcne kadar Rukban kamp\u0131ndan 12967 ki\u015finin \u00e7\u0131kt\u0131\u011f\u0131n\u0131, Rukban kamp\u0131ndan \u00e7\u0131kmak isteyn ahalinin h\u0131rs\u0131zl\u0131k ve k\u0131\u015fk\u0131rtmalara maruz kald\u0131klar\u0131n\u0131 bu y\u00fczden Amerikan destekli ter\u00f6rist gruplara para \u00f6demek zorunda b\u0131rak\u0131ld\u0131klar\u0131n\u0131, i\u015fgal edilen Tenef b\u00f6lgesi kanal\u0131yla Cely\u011fim ge\u00e7idine ta\u015f\u0131yan ara\u00e7 sahiplerinin yak\u0131tlar\u0131n\u0131 y\u00fcksek fiyatlarla temin etmek zorunda kald\u0131klar\u0131na dikkat \u00e7ektiler.<\/p>\n<p style=\"text-align: justify;\">Beyan, Suriye H\u00fckumetinin g\u00fcvenli ve g\u00f6n\u00fcll\u00fc kamp sakinlerinin d\u00f6n\u00fc\u015flerini temin etmek ve ge\u00e7ici ikamet merkezlerindeki sakinleri evlerine ta\u015f\u0131mak\u00a0 i\u00e7in b\u00fcy\u00fck \u00e7abalar harcad\u0131\u011f\u0131na dikkat \u00e7ekti.<\/p>\n<p style=\"text-align: justify;\">Heyetler beyanlar\u0131nda, ABD&#8217;yi iki kamp sakinlerinin evlerine d\u00f6n\u00fc\u015f\u00fc, iki kamp\u0131n ortadan kald\u0131r\u0131lmas\u0131 \u00f6n\u00fcnde koydu\u011fu engelleri ortadan kald\u0131rmaya ve Suriye&#8217;nin Tenef ve Cezire b\u00f6lgesinde i\u015fgal etti\u011fi Suriye topraklar\u0131n\u0131 terk etmeye \u00e7a\u011f\u0131rarak, Birle\u015fmi\u015f Milletler ve t\u00fcm Uluslararas\u0131 \u0130nsani \u00d6rg\u00fctleri, m\u00fcltecilerin ana vatanlar\u0131na d\u00f6n\u00fc\u015flerini aktifle\u015ftirmek i\u00e7in t\u00fcm Suriye topraklar\u0131ndaki Suriye halk\u0131na yard\u0131mlar sunma talebinde bulundu.<\/p>\n<p style=\"text-align: justify;\">Heyetler ayr\u0131ca, kampa insani yard\u0131mlar\u0131n ula\u015ft\u0131r\u0131lmas\u0131n\u0131n i\u00e7inde b\u00fcy\u00fcyen sorunu \u00e7\u00f6zmeyece\u011fini, bilakis kampta ve Amerikan g\u00f6zetimindeki Tenef b\u00f6lgesinde bulunan ter\u00f6ristlere g\u0131da ve sa\u011fl\u0131k maddelerinin temin edilmesine izin verdi\u011fini bir kez daha yinelediler.<\/p>\n<p>\u00c7eviri: S.\u015eahut<\/p>\n","protected":false},"excerpt":{"rendered":"<p>\u015eAM \u2013 MOSKOVA \u2013 Suriye ve Rusya Koordinasyon Heyetleri, Washington&#8217;un \u00f6zellikle yaz\u0131n s\u0131cakl\u0131klar\u0131n artmas\u0131, su, g\u0131da ve sa\u011fl\u0131k bak\u0131m\u0131ndaki eksiklikten dolay\u0131, Rukban ve el Hol Kamplar\u0131ndaki insani durumlar\u0131n k\u00f6t\u00fcye gitmesi sorumlulu\u011funu \u00fcstlendi\u011fini bir kez daha belirtti. Heyetler bug\u00fcn yay\u0131nlad\u0131klar\u0131 beyanda, sivil vatanda\u015flar\u0131n su ve g\u0131da maddelerinin eksikli\u011fiyle sa\u011fl\u0131ks\u0131z ko\u015fullar g\u00f6lgesinde ya\u015fad\u0131klar\u0131 zor ko\u015fullar alt\u0131nda Rukban &hellip;<\/p>\n","protected":false},"author":1,"featured_media":183280,"comment_status":"closed","ping_status":"closed","sticky":false,"template":"","format":"standard","meta":{"footnotes":""},"categories":[479,17988,478],"tags":[],"class_list":["post-183279","post","type-post","status-publish","format-standard","has-post-thumbnail","","category-haberler-yerel","category-son-haberler","category-yerel"],"_links":{"self":[{"href":"https:\/\/archive.sana.sy\/tr\/index.php?rest_route=\/wp\/v2\/posts\/183279","targetHints":{"allow":["GET"]}}],"collection":[{"href":"https:\/\/archive.sana.sy\/tr\/index.php?rest_route=\/wp\/v2\/posts"}],"about":[{"href":"https:\/\/archive.sana.sy\/tr\/index.php?rest_route=\/wp\/v2\/types\/post"}],"author":[{"embeddable":true,"href":"https:\/\/archive.sana.sy\/tr\/index.php?rest_route=\/wp\/v2\/users\/1"}],"replies":[{"embeddable":true,"href":"https:\/\/archive.sana.sy\/tr\/index.php?rest_route=%2Fwp%2Fv2%2Fcomments&post=183279"}],"version-history":[{"count":0,"href":"https:\/\/archive.sana.sy\/tr\/index.php?rest_route=\/wp\/v2\/posts\/183279\/revisions"}],"wp:featuredmedia":[{"embeddable":true,"href":"https:\/\/archive.sana.sy\/tr\/index.php?rest_route=\/wp\/v2\/media\/183280"}],"wp:attachment":[{"href":"https:\/\/archive.sana.sy\/tr\/index.php?rest_route=%2Fwp%2Fv2%2Fmedia&parent=183279"}],"wp:term":[{"taxonomy":"category","embeddable":true,"href":"https:\/\/archive.sana.sy\/tr\/index.php?rest_route=%2Fwp%2Fv2%2Fcategories&post=183279"},{"taxonomy":"post_tag","embeddable":true,"href":"https:\/\/archive.sana.sy\/tr\/index.php?rest_route=%2Fwp%2Fv2%2Ftags&post=183279"}],"curies":[{"name":"wp","href":"https:\/\/api.w.org\/{rel}","templated":true}]}}