{"id":183282,"date":"2019-05-22T22:27:15","date_gmt":"2019-05-22T19:27:15","guid":{"rendered":"http:\/\/www.sana.sy\/tr\/?p=183282"},"modified":"2019-05-23T16:04:55","modified_gmt":"2019-05-23T13:04:55","slug":"cumhuriyet-kupasi-ceyrek-finalinde-ordu-futbol-takimi-taliayi-yendi","status":"publish","type":"post","link":"https:\/\/archive.sana.sy\/tr\/?p=183282","title":{"rendered":"Cumhuriyet Kupas\u0131 \u00c7eyrek Finalinde Ordu Futbol Tak\u0131m\u0131 Talia&#8217;y\u0131 Yendi"},"content":{"rendered":"<p style=\"text-align: justify;\">\u015eAM \u2013 Ordu futbol tak\u0131m\u0131 bug\u00fcn \u015eam el Celaa Stad\u0131nda Talia ile oynad\u0131\u011f\u0131 Cumhuriyet Kupas\u0131 \u00e7eyrek final ilk ma\u00e7\u0131nda 2-1 ma\u011flup etti.<\/p>\n<p style=\"text-align: justify;\">Kar\u015f\u0131la\u015fman\u0131n ilk gol\u00fcn\u00fc Talia 2. Dakikada Mervan Slal kanal\u0131yla kaydederken Ordu tak\u0131m\u0131n\u0131n golleri 15. Dakikada Muhammed el Anez ve 76. Dakikada Muhammed el Vaked kaydetti.<\/p>\n<p style=\"text-align: justify;\">Her iki tak\u0131m r\u00f6van\u015f ma\u00e7lar\u0131n\u0131 Hama Beledi Stad\u0131nda gelecek Pazar g\u00fcn\u00fc kar\u015f\u0131 kar\u015f\u0131ya gelirken, Vesbe Vahde ile Cuma g\u00fcn\u00fc, Kerame Te\u015frin ile Cumartesi g\u00fcn\u00fc Homs Halit Bin Velit Stad\u0131nda kar\u015f\u0131 kar\u015f\u0131ya gelecek.<\/p>\n<p>\u00c7eviri: S.\u015eahut<\/p>\n","protected":false},"excerpt":{"rendered":"<p>\u015eAM \u2013 Ordu futbol tak\u0131m\u0131 bug\u00fcn \u015eam el Celaa Stad\u0131nda Talia ile oynad\u0131\u011f\u0131 Cumhuriyet Kupas\u0131 \u00e7eyrek final ilk ma\u00e7\u0131nda 2-1 ma\u011flup etti. Kar\u015f\u0131la\u015fman\u0131n ilk gol\u00fcn\u00fc Talia 2. Dakikada Mervan Slal kanal\u0131yla kaydederken Ordu tak\u0131m\u0131n\u0131n golleri 15. Dakikada Muhammed el Anez ve 76. Dakikada Muhammed el Vaked kaydetti. Her iki tak\u0131m r\u00f6van\u015f ma\u00e7lar\u0131n\u0131 Hama Beledi Stad\u0131nda &hellip;<\/p>\n","protected":false},"author":1,"featured_media":183283,"comment_status":"closed","ping_status":"closed","sticky":false,"template":"","format":"standard","meta":{"footnotes":""},"categories":[17988,496,497],"tags":[],"class_list":["post-183282","post","type-post","status-publish","format-standard","has-post-thumbnail","","category-son-haberler","category-spor","category-yerel-turnuvalar"],"_links":{"self":[{"href":"https:\/\/archive.sana.sy\/tr\/index.php?rest_route=\/wp\/v2\/posts\/183282","targetHints":{"allow":["GET"]}}],"collection":[{"href":"https:\/\/archive.sana.sy\/tr\/index.php?rest_route=\/wp\/v2\/posts"}],"about":[{"href":"https:\/\/archive.sana.sy\/tr\/index.php?rest_route=\/wp\/v2\/types\/post"}],"author":[{"embeddable":true,"href":"https:\/\/archive.sana.sy\/tr\/index.php?rest_route=\/wp\/v2\/users\/1"}],"replies":[{"embeddable":true,"href":"https:\/\/archive.sana.sy\/tr\/index.php?rest_route=%2Fwp%2Fv2%2Fcomments&post=183282"}],"version-history":[{"count":0,"href":"https:\/\/archive.sana.sy\/tr\/index.php?rest_route=\/wp\/v2\/posts\/183282\/revisions"}],"wp:featuredmedia":[{"embeddable":true,"href":"https:\/\/archive.sana.sy\/tr\/index.php?rest_route=\/wp\/v2\/media\/183283"}],"wp:attachment":[{"href":"https:\/\/archive.sana.sy\/tr\/index.php?rest_route=%2Fwp%2Fv2%2Fmedia&parent=183282"}],"wp:term":[{"taxonomy":"category","embeddable":true,"href":"https:\/\/archive.sana.sy\/tr\/index.php?rest_route=%2Fwp%2Fv2%2Fcategories&post=183282"},{"taxonomy":"post_tag","embeddable":true,"href":"https:\/\/archive.sana.sy\/tr\/index.php?rest_route=%2Fwp%2Fv2%2Ftags&post=183282"}],"curies":[{"name":"wp","href":"https:\/\/api.w.org\/{rel}","templated":true}]}}