{"id":183288,"date":"2019-05-23T12:10:12","date_gmt":"2019-05-23T09:10:12","guid":{"rendered":"http:\/\/www.sana.sy\/tr\/?p=183288"},"modified":"2019-05-23T13:16:29","modified_gmt":"2019-05-23T10:16:29","slug":"cumhurbaskaninin-esi-esma-el-esad-vatan-gazisi-programinin-yurt-genelinde-stratejik-genislemesini-inceleme-amaciyla-hama-kentinde-protez-merkezini-ziyaret-ediyor","status":"publish","type":"post","link":"https:\/\/archive.sana.sy\/tr\/?p=183288","title":{"rendered":"Cumhurba\u015fkan\u0131n\u0131n e\u015fi Esma el Esad Hama Kentinde Protez Merkezini ziyaret ediyor"},"content":{"rendered":"<p>Cumhurba\u015fkan\u0131n\u0131n e\u015fi Esma el Esad Hama Kentinde Protez Merkezini ziyaret ediyor<\/p>\n<p><iframe loading=\"lazy\" title=\"\u0645\u0646 \u0632\u064a\u0627\u0631\u0629 \u0627\u0644\u0633\u064a\u062f\u0629 \u0623\u0633\u0645\u0627\u0621 \u0627\u0644\u0623\u0633\u062f \u0644\u0645\u0631\u0643\u0632 \u0627\u0644\u0623\u0637\u0631\u0627\u0641 \u0627\u0644\u0627\u0635\u0637\u0646\u0627\u0639\u064a\u0629 \u0628\u062d\u0645\u0627\u0629\" width=\"618\" height=\"348\" src=\"https:\/\/www.youtube.com\/embed\/HpMr04C_vv0?feature=oembed\" frameborder=\"0\" allow=\"accelerometer; autoplay; clipboard-write; encrypted-media; gyroscope; picture-in-picture; web-share\" referrerpolicy=\"strict-origin-when-cross-origin\" allowfullscreen><\/iframe><\/p>\n","protected":false},"excerpt":{"rendered":"<p>Cumhurba\u015fkan\u0131n\u0131n e\u015fi Esma el Esad Hama Kentinde Protez Merkezini ziyaret ediyor<\/p>\n","protected":false},"author":1,"featured_media":183294,"comment_status":"closed","ping_status":"closed","sticky":false,"template":"","format":"standard","meta":{"footnotes":""},"categories":[18295],"tags":[],"class_list":["post-183288","post","type-post","status-publish","format-standard","has-post-thumbnail","","category-sana-video"],"_links":{"self":[{"href":"https:\/\/archive.sana.sy\/tr\/index.php?rest_route=\/wp\/v2\/posts\/183288","targetHints":{"allow":["GET"]}}],"collection":[{"href":"https:\/\/archive.sana.sy\/tr\/index.php?rest_route=\/wp\/v2\/posts"}],"about":[{"href":"https:\/\/archive.sana.sy\/tr\/index.php?rest_route=\/wp\/v2\/types\/post"}],"author":[{"embeddable":true,"href":"https:\/\/archive.sana.sy\/tr\/index.php?rest_route=\/wp\/v2\/users\/1"}],"replies":[{"embeddable":true,"href":"https:\/\/archive.sana.sy\/tr\/index.php?rest_route=%2Fwp%2Fv2%2Fcomments&post=183288"}],"version-history":[{"count":0,"href":"https:\/\/archive.sana.sy\/tr\/index.php?rest_route=\/wp\/v2\/posts\/183288\/revisions"}],"wp:featuredmedia":[{"embeddable":true,"href":"https:\/\/archive.sana.sy\/tr\/index.php?rest_route=\/wp\/v2\/media\/183294"}],"wp:attachment":[{"href":"https:\/\/archive.sana.sy\/tr\/index.php?rest_route=%2Fwp%2Fv2%2Fmedia&parent=183288"}],"wp:term":[{"taxonomy":"category","embeddable":true,"href":"https:\/\/archive.sana.sy\/tr\/index.php?rest_route=%2Fwp%2Fv2%2Fcategories&post=183288"},{"taxonomy":"post_tag","embeddable":true,"href":"https:\/\/archive.sana.sy\/tr\/index.php?rest_route=%2Fwp%2Fv2%2Ftags&post=183288"}],"curies":[{"name":"wp","href":"https:\/\/api.w.org\/{rel}","templated":true}]}}