{"id":183310,"date":"2019-05-23T15:36:50","date_gmt":"2019-05-23T12:36:50","guid":{"rendered":"http:\/\/www.sana.sy\/tr\/?p=183310"},"modified":"2019-05-25T13:27:57","modified_gmt":"2019-05-25T10:27:57","slug":"tesvik-edici-yeni-icraatlar-ilan-etti","status":"publish","type":"post","link":"https:\/\/archive.sana.sy\/tr\/?p=183310","title":{"rendered":"Te\u015fvik Edici Yeni \u0130craatlar \u0130lan Etti"},"content":{"rendered":"<p>\u015eAM \u2013 Suriye Yat\u0131r\u0131m Kurumu belli ba\u015fl\u0131 sekt\u00f6rlerde yap\u0131lacak yat\u0131r\u0131mlara destek ve te\u015fvik ama\u00e7l\u0131 bir dizi yeni icraatlar ilan etti.<\/p>\n<p>Kurum resmi web sitesinde yay\u0131nlad\u0131\u011f\u0131 te\u015fvik ve destek icraatlar\u0131nda emlak, turizm ve daha ba\u015fka bir k\u0131s\u0131m alanlarda yap\u0131lacak yat\u0131r\u0131mlar\u0131n te\u015fvik edilip desteklenece\u011fini ifade etti.<\/p>\n<p>Bu ba\u011flamda yat\u0131r\u0131mc\u0131lara y\u00fcksek nitelikte hizmetlerin sunulaca\u011f\u0131n\u0131 belirten kurum; amac\u0131n yat\u0131r\u0131m ve kalk\u0131nmay\u0131 peki\u015ftirmek oldu\u011funu vurgulad\u0131.<\/p>\n","protected":false},"excerpt":{"rendered":"<p>\u015eAM \u2013 Suriye Yat\u0131r\u0131m Kurumu belli ba\u015fl\u0131 sekt\u00f6rlerde yap\u0131lacak yat\u0131r\u0131mlara destek ve te\u015fvik ama\u00e7l\u0131 bir dizi yeni icraatlar ilan etti. Kurum resmi web sitesinde yay\u0131nlad\u0131\u011f\u0131 te\u015fvik ve destek icraatlar\u0131nda emlak, turizm ve daha ba\u015fka bir k\u0131s\u0131m alanlarda yap\u0131lacak yat\u0131r\u0131mlar\u0131n te\u015fvik edilip desteklenece\u011fini ifade etti. Bu ba\u011flamda yat\u0131r\u0131mc\u0131lara y\u00fcksek nitelikte hizmetlerin sunulaca\u011f\u0131n\u0131 belirten kurum; amac\u0131n yat\u0131r\u0131m &hellip;<\/p>\n","protected":false},"author":1,"featured_media":183311,"comment_status":"closed","ping_status":"closed","sticky":false,"template":"","format":"standard","meta":{"footnotes":""},"categories":[485,486,479,17988,478],"tags":[],"class_list":["post-183310","post","type-post","status-publish","format-standard","has-post-thumbnail","","category-is-ve-sermaye","category-haberler-is-ve-sermaye","category-haberler-yerel","category-son-haberler","category-yerel"],"_links":{"self":[{"href":"https:\/\/archive.sana.sy\/tr\/index.php?rest_route=\/wp\/v2\/posts\/183310","targetHints":{"allow":["GET"]}}],"collection":[{"href":"https:\/\/archive.sana.sy\/tr\/index.php?rest_route=\/wp\/v2\/posts"}],"about":[{"href":"https:\/\/archive.sana.sy\/tr\/index.php?rest_route=\/wp\/v2\/types\/post"}],"author":[{"embeddable":true,"href":"https:\/\/archive.sana.sy\/tr\/index.php?rest_route=\/wp\/v2\/users\/1"}],"replies":[{"embeddable":true,"href":"https:\/\/archive.sana.sy\/tr\/index.php?rest_route=%2Fwp%2Fv2%2Fcomments&post=183310"}],"version-history":[{"count":0,"href":"https:\/\/archive.sana.sy\/tr\/index.php?rest_route=\/wp\/v2\/posts\/183310\/revisions"}],"wp:featuredmedia":[{"embeddable":true,"href":"https:\/\/archive.sana.sy\/tr\/index.php?rest_route=\/wp\/v2\/media\/183311"}],"wp:attachment":[{"href":"https:\/\/archive.sana.sy\/tr\/index.php?rest_route=%2Fwp%2Fv2%2Fmedia&parent=183310"}],"wp:term":[{"taxonomy":"category","embeddable":true,"href":"https:\/\/archive.sana.sy\/tr\/index.php?rest_route=%2Fwp%2Fv2%2Fcategories&post=183310"},{"taxonomy":"post_tag","embeddable":true,"href":"https:\/\/archive.sana.sy\/tr\/index.php?rest_route=%2Fwp%2Fv2%2Ftags&post=183310"}],"curies":[{"name":"wp","href":"https:\/\/api.w.org\/{rel}","templated":true}]}}