{"id":183313,"date":"2019-05-23T15:41:31","date_gmt":"2019-05-23T12:41:31","guid":{"rendered":"http:\/\/www.sana.sy\/tr\/?p=183313"},"modified":"2019-05-25T13:28:01","modified_gmt":"2019-05-25T10:28:01","slug":"teroristlerin-sabote-ettikleri-istasyon-onarildi","status":"publish","type":"post","link":"https:\/\/archive.sana.sy\/tr\/?p=183313","title":{"rendered":"Ter\u00f6ristlerin Sabote Ettikleri istasyon Onar\u0131ld\u0131"},"content":{"rendered":"<p>HAMA \u2013 Elektrik Bakan\u0131 Muhammed Z\u00fcheyr Harbutlu; belli ba\u015fl\u0131 d\u0131\u015f g\u00fc\u00e7lere hizmet eden ter\u00f6ristlerin d\u00fcn bombalamalar\u0131 sonucunda sabote edilen Zara Elektrik istasyonunda onar\u0131m \u00e7al\u0131\u015fmalar\u0131n\u0131n tamamland\u0131\u011f\u0131n\u0131 belirtti.<\/p>\n<p>Bakan Harbutlu onar\u0131m ekiplerinin ter\u00f6ristlerin sabote ettikleri istasyonu onarmak i\u00e7in gece boyunca yo\u011fun \u00e7al\u0131\u015fmalarda bulunduklar\u0131n\u0131 ifade etti. Kararl\u0131l\u0131kla s\u00fcrd\u00fcr\u00fclen yo\u011fun ve kararl\u0131 \u00e7al\u0131\u015fmalar neticesinde istasyonda meydana gelen b\u00fcy\u00fck hasar\u0131n onar\u0131ld\u0131\u011f\u0131n\u0131 ifade eden elektrik bakan\u0131; istasyonun yeniden \u00fcretime ba\u015flad\u0131\u011f\u0131n\u0131 belirtti.<\/p>\n<p>Bakan Harbutlu elektrik enerjisinin Ramazan ay\u0131nda hem \u00fcreticiler hem de vatanda\u015flar a\u00e7\u0131s\u0131ndan ta\u015f\u0131d\u0131\u011f\u0131 \u00f6neme dikkat \u00e7ekti.<\/p>\n<div id='gallery-1' class='gallery galleryid-183313 gallery-columns-2 gallery-size-full'><figure class='gallery-item'>\n\t\t\t<div class='gallery-icon landscape'>\n\t\t\t\t<a href='https:\/\/archive.sana.sy\/tr\/wp-content\/uploads\/2019\/05\/02-7.jpg'><img loading=\"lazy\" decoding=\"async\" width=\"3543\" height=\"2322\" src=\"https:\/\/archive.sana.sy\/tr\/wp-content\/uploads\/2019\/05\/02-7.jpg\" class=\"attachment-full size-full\" alt=\"\" srcset=\"https:\/\/archive.sana.sy\/tr\/wp-content\/uploads\/2019\/05\/02-7.jpg 3543w, https:\/\/archive.sana.sy\/tr\/wp-content\/uploads\/2019\/05\/02-7-150x98.jpg 150w, https:\/\/archive.sana.sy\/tr\/wp-content\/uploads\/2019\/05\/02-7-300x197.jpg 300w, https:\/\/archive.sana.sy\/tr\/wp-content\/uploads\/2019\/05\/02-7-768x503.jpg 768w, https:\/\/archive.sana.sy\/tr\/wp-content\/uploads\/2019\/05\/02-7-1024x671.jpg 1024w\" sizes=\"auto, (max-width: 3543px) 100vw, 3543px\" \/><\/a>\n\t\t\t<\/div><\/figure><figure class='gallery-item'>\n\t\t\t<div class='gallery-icon landscape'>\n\t\t\t\t<a href='https:\/\/archive.sana.sy\/tr\/wp-content\/uploads\/2019\/05\/03-8.jpg'><img loading=\"lazy\" decoding=\"async\" width=\"3543\" height=\"2236\" src=\"https:\/\/archive.sana.sy\/tr\/wp-content\/uploads\/2019\/05\/03-8.jpg\" class=\"attachment-full size-full\" alt=\"\" srcset=\"https:\/\/archive.sana.sy\/tr\/wp-content\/uploads\/2019\/05\/03-8.jpg 3543w, https:\/\/archive.sana.sy\/tr\/wp-content\/uploads\/2019\/05\/03-8-150x95.jpg 150w, https:\/\/archive.sana.sy\/tr\/wp-content\/uploads\/2019\/05\/03-8-300x189.jpg 300w, https:\/\/archive.sana.sy\/tr\/wp-content\/uploads\/2019\/05\/03-8-768x485.jpg 768w, https:\/\/archive.sana.sy\/tr\/wp-content\/uploads\/2019\/05\/03-8-1024x646.jpg 1024w\" sizes=\"auto, (max-width: 3543px) 100vw, 3543px\" \/><\/a>\n\t\t\t<\/div><\/figure><figure class='gallery-item'>\n\t\t\t<div class='gallery-icon landscape'>\n\t\t\t\t<a href='https:\/\/archive.sana.sy\/tr\/wp-content\/uploads\/2019\/05\/04-5.jpg'><img loading=\"lazy\" decoding=\"async\" width=\"3543\" height=\"2434\" src=\"https:\/\/archive.sana.sy\/tr\/wp-content\/uploads\/2019\/05\/04-5.jpg\" class=\"attachment-full size-full\" alt=\"\" srcset=\"https:\/\/archive.sana.sy\/tr\/wp-content\/uploads\/2019\/05\/04-5.jpg 3543w, https:\/\/archive.sana.sy\/tr\/wp-content\/uploads\/2019\/05\/04-5-150x103.jpg 150w, https:\/\/archive.sana.sy\/tr\/wp-content\/uploads\/2019\/05\/04-5-300x206.jpg 300w, https:\/\/archive.sana.sy\/tr\/wp-content\/uploads\/2019\/05\/04-5-768x528.jpg 768w, https:\/\/archive.sana.sy\/tr\/wp-content\/uploads\/2019\/05\/04-5-1024x703.jpg 1024w, https:\/\/archive.sana.sy\/tr\/wp-content\/uploads\/2019\/05\/04-5-110x75.jpg 110w\" sizes=\"auto, (max-width: 3543px) 100vw, 3543px\" \/><\/a>\n\t\t\t<\/div><\/figure><figure class='gallery-item'>\n\t\t\t<div class='gallery-icon landscape'>\n\t\t\t\t<a href='https:\/\/archive.sana.sy\/tr\/wp-content\/uploads\/2019\/05\/05-5.jpg'><img loading=\"lazy\" decoding=\"async\" width=\"3543\" height=\"2657\" src=\"https:\/\/archive.sana.sy\/tr\/wp-content\/uploads\/2019\/05\/05-5.jpg\" class=\"attachment-full size-full\" alt=\"\" srcset=\"https:\/\/archive.sana.sy\/tr\/wp-content\/uploads\/2019\/05\/05-5.jpg 3543w, https:\/\/archive.sana.sy\/tr\/wp-content\/uploads\/2019\/05\/05-5-150x112.jpg 150w, https:\/\/archive.sana.sy\/tr\/wp-content\/uploads\/2019\/05\/05-5-300x225.jpg 300w, https:\/\/archive.sana.sy\/tr\/wp-content\/uploads\/2019\/05\/05-5-768x576.jpg 768w, https:\/\/archive.sana.sy\/tr\/wp-content\/uploads\/2019\/05\/05-5-1024x768.jpg 1024w\" sizes=\"auto, (max-width: 3543px) 100vw, 3543px\" \/><\/a>\n\t\t\t<\/div><\/figure>\n\t\t<\/div>\n\n","protected":false},"excerpt":{"rendered":"<p>HAMA \u2013 Elektrik Bakan\u0131 Muhammed Z\u00fcheyr Harbutlu; belli ba\u015fl\u0131 d\u0131\u015f g\u00fc\u00e7lere hizmet eden ter\u00f6ristlerin d\u00fcn bombalamalar\u0131 sonucunda sabote edilen Zara Elektrik istasyonunda onar\u0131m \u00e7al\u0131\u015fmalar\u0131n\u0131n tamamland\u0131\u011f\u0131n\u0131 belirtti. Bakan Harbutlu onar\u0131m ekiplerinin ter\u00f6ristlerin sabote ettikleri istasyonu onarmak i\u00e7in gece boyunca yo\u011fun \u00e7al\u0131\u015fmalarda bulunduklar\u0131n\u0131 ifade etti. Kararl\u0131l\u0131kla s\u00fcrd\u00fcr\u00fclen yo\u011fun ve kararl\u0131 \u00e7al\u0131\u015fmalar neticesinde istasyonda meydana gelen b\u00fcy\u00fck hasar\u0131n &hellip;<\/p>\n","protected":false},"author":1,"featured_media":183314,"comment_status":"closed","ping_status":"closed","sticky":false,"template":"","format":"standard","meta":{"footnotes":""},"categories":[596,479,17988,478],"tags":[],"class_list":["post-183313","post","type-post","status-publish","format-standard","has-post-thumbnail","","category-fotografli-raporlar","category-haberler-yerel","category-son-haberler","category-yerel"],"_links":{"self":[{"href":"https:\/\/archive.sana.sy\/tr\/index.php?rest_route=\/wp\/v2\/posts\/183313","targetHints":{"allow":["GET"]}}],"collection":[{"href":"https:\/\/archive.sana.sy\/tr\/index.php?rest_route=\/wp\/v2\/posts"}],"about":[{"href":"https:\/\/archive.sana.sy\/tr\/index.php?rest_route=\/wp\/v2\/types\/post"}],"author":[{"embeddable":true,"href":"https:\/\/archive.sana.sy\/tr\/index.php?rest_route=\/wp\/v2\/users\/1"}],"replies":[{"embeddable":true,"href":"https:\/\/archive.sana.sy\/tr\/index.php?rest_route=%2Fwp%2Fv2%2Fcomments&post=183313"}],"version-history":[{"count":0,"href":"https:\/\/archive.sana.sy\/tr\/index.php?rest_route=\/wp\/v2\/posts\/183313\/revisions"}],"wp:featuredmedia":[{"embeddable":true,"href":"https:\/\/archive.sana.sy\/tr\/index.php?rest_route=\/wp\/v2\/media\/183314"}],"wp:attachment":[{"href":"https:\/\/archive.sana.sy\/tr\/index.php?rest_route=%2Fwp%2Fv2%2Fmedia&parent=183313"}],"wp:term":[{"taxonomy":"category","embeddable":true,"href":"https:\/\/archive.sana.sy\/tr\/index.php?rest_route=%2Fwp%2Fv2%2Fcategories&post=183313"},{"taxonomy":"post_tag","embeddable":true,"href":"https:\/\/archive.sana.sy\/tr\/index.php?rest_route=%2Fwp%2Fv2%2Ftags&post=183313"}],"curies":[{"name":"wp","href":"https:\/\/api.w.org\/{rel}","templated":true}]}}