{"id":183323,"date":"2019-05-23T13:02:05","date_gmt":"2019-05-23T10:02:05","guid":{"rendered":"http:\/\/www.sana.sy\/tr\/?p=183323"},"modified":"2019-05-24T15:11:17","modified_gmt":"2019-05-24T12:11:17","slug":"iki-taraf-arasindaki-calismalar-degerlendirildi","status":"publish","type":"post","link":"https:\/\/archive.sana.sy\/tr\/?p=183323","title":{"rendered":"\u0130ki Taraf Aras\u0131ndaki \u00e7al\u0131\u015fmalar De\u011ferlendirildi"},"content":{"rendered":"<p>CENEVRE \u2013 Sa\u011fl\u0131k Bakan\u0131 Nizar Yaz\u0131c\u0131 bug\u00fcn Cenevre\u2019de D\u00fcnya Sa\u011fl\u0131k \u00d6rg\u00fct\u00fc Genel M\u00fcd\u00fcr\u00fc Tedros Adhanom Ghebreyesus ile Suriye&#8217;de mevcut durumlar g\u00f6lgesinde sa\u011fl\u0131k hizmetlerini daha geni\u015f alanlara yayma ve peki\u015ftirme \u00e7abalar\u0131n\u0131 masaya yat\u0131rd\u0131.<\/p>\n<p>D\u00fcnya Sa\u011fl\u0131k \u00d6rg\u00fct\u00fcn\u00fcn Cenevre\u2019de d\u00fczenledi\u011fi toplant\u0131lar \u00e7er\u00e7evesinde yap\u0131lan toplant\u0131da Bakan Yaz\u0131c\u0131; beli ba\u015fl\u0131 devletlerin destek ve talimatlar\u0131yla hareket eden ter\u00f6r \u00f6rg\u00fctlerin Suriye&#8217;de sa\u011fl\u0131k sekt\u00f6r\u00fcne verdikleri hasar ve bombalad\u0131klar\u0131 hastaneler konusunda bilgi aktard\u0131. Yaz\u0131c\u0131 ayn\u0131 zamanda Suriye halk\u0131n\u0131n \u00e7\u0131karlar\u0131n\u0131 savunduklar\u0131n\u0131 iddia eden bir k\u0131s\u0131m devletlerin uygulad\u0131klar\u0131 yapt\u0131r\u0131mlar\u0131n da sa\u011fl\u0131k hizmetleri ve vatanda\u015flar\u0131n sa\u011fl\u0131k ihtiya\u00e7lar\u0131n\u0131n kar\u015f\u0131lanmas\u0131na yol a\u00e7t\u0131klar\u0131 olumsuzluklara dikkat \u00e7ekti.<\/p>\n<p>Ter\u00f6rden kurtar\u0131lan b\u00f6lgelerde sa\u011fl\u0131k kurumlar\u0131n\u0131n onar\u0131m\u0131 ve yeniden hizmete a\u00e7\u0131lmalar\u0131 y\u00f6n\u00fcnde harcanan \u00e7abalara da \u0131\u015f\u0131k tutan Yaz\u0131c\u0131; bu konuda sa\u011flanan ba\u015far\u0131lara da dikkat \u00e7ekti.<\/p>\n<p>\u0130ki taraf aras\u0131nda i\u015fbirli\u011fi ve ortak \u00e7al\u0131\u015fmalar\u0131n ele al\u0131nd\u0131\u011f\u0131 toplant\u0131da Sa\u011fl\u0131k Bakan\u0131 Yaz\u0131c\u0131 DS\u00d6\u2019nun ayn\u0131 zamanda \u0130srail i\u015fgali alt\u0131ndaki Golan\u2019da da Suriyelilerin sa\u011fl\u0131k hizmetlerine \u00f6nem vermesi gere\u011fini ifade etti.<\/p>\n<p>Toplant\u0131da Ghebreyesus Suriye&#8217;nin sa\u011fl\u0131k sekt\u00f6r\u00fcnde t\u00fcm ko\u015fullara ra\u011fmen sa\u011flad\u0131\u011f\u0131 ilerlemeleri takdirlerini ifade ederken bu ba\u015far\u0131lar\u0131 \u00f6vd\u00fc. Ayn\u0131 zamanda DS\u00d6\u2019nun Suriye&#8217;de halka sa\u011fl\u0131k hizmetlerinin peki\u015ftirilmesi i\u00e7in gerekli i\u015fbirli\u011fi ve yard\u0131m\u0131 temin etmeye devam edece\u011fini belirtti.<\/p>\n","protected":false},"excerpt":{"rendered":"<p>CENEVRE \u2013 Sa\u011fl\u0131k Bakan\u0131 Nizar Yaz\u0131c\u0131 bug\u00fcn Cenevre\u2019de D\u00fcnya Sa\u011fl\u0131k \u00d6rg\u00fct\u00fc Genel M\u00fcd\u00fcr\u00fc Tedros Adhanom Ghebreyesus ile Suriye&#8217;de mevcut durumlar g\u00f6lgesinde sa\u011fl\u0131k hizmetlerini daha geni\u015f alanlara yayma ve peki\u015ftirme \u00e7abalar\u0131n\u0131 masaya yat\u0131rd\u0131. D\u00fcnya Sa\u011fl\u0131k \u00d6rg\u00fct\u00fcn\u00fcn Cenevre\u2019de d\u00fczenledi\u011fi toplant\u0131lar \u00e7er\u00e7evesinde yap\u0131lan toplant\u0131da Bakan Yaz\u0131c\u0131; beli ba\u015fl\u0131 devletlerin destek ve talimatlar\u0131yla hareket eden ter\u00f6r \u00f6rg\u00fctlerin Suriye&#8217;de sa\u011fl\u0131k &hellip;<\/p>\n","protected":false},"author":1,"featured_media":183324,"comment_status":"closed","ping_status":"closed","sticky":false,"template":"","format":"standard","meta":{"footnotes":""},"categories":[458,459,17988],"tags":[],"class_list":["post-183323","post","type-post","status-publish","format-standard","has-post-thumbnail","","category-dunya1","category-haberler-arap-uluslararasi-politika","category-son-haberler"],"_links":{"self":[{"href":"https:\/\/archive.sana.sy\/tr\/index.php?rest_route=\/wp\/v2\/posts\/183323","targetHints":{"allow":["GET"]}}],"collection":[{"href":"https:\/\/archive.sana.sy\/tr\/index.php?rest_route=\/wp\/v2\/posts"}],"about":[{"href":"https:\/\/archive.sana.sy\/tr\/index.php?rest_route=\/wp\/v2\/types\/post"}],"author":[{"embeddable":true,"href":"https:\/\/archive.sana.sy\/tr\/index.php?rest_route=\/wp\/v2\/users\/1"}],"replies":[{"embeddable":true,"href":"https:\/\/archive.sana.sy\/tr\/index.php?rest_route=%2Fwp%2Fv2%2Fcomments&post=183323"}],"version-history":[{"count":0,"href":"https:\/\/archive.sana.sy\/tr\/index.php?rest_route=\/wp\/v2\/posts\/183323\/revisions"}],"wp:featuredmedia":[{"embeddable":true,"href":"https:\/\/archive.sana.sy\/tr\/index.php?rest_route=\/wp\/v2\/media\/183324"}],"wp:attachment":[{"href":"https:\/\/archive.sana.sy\/tr\/index.php?rest_route=%2Fwp%2Fv2%2Fmedia&parent=183323"}],"wp:term":[{"taxonomy":"category","embeddable":true,"href":"https:\/\/archive.sana.sy\/tr\/index.php?rest_route=%2Fwp%2Fv2%2Fcategories&post=183323"},{"taxonomy":"post_tag","embeddable":true,"href":"https:\/\/archive.sana.sy\/tr\/index.php?rest_route=%2Fwp%2Fv2%2Ftags&post=183323"}],"curies":[{"name":"wp","href":"https:\/\/api.w.org\/{rel}","templated":true}]}}