{"id":183464,"date":"2019-05-26T15:54:22","date_gmt":"2019-05-26T12:54:22","guid":{"rendered":"http:\/\/www.sana.sy\/tr\/?p=183464"},"modified":"2019-05-27T14:18:17","modified_gmt":"2019-05-27T11:18:17","slug":"muzeden-calinan-2-eser-geri-alindi","status":"publish","type":"post","link":"https:\/\/archive.sana.sy\/tr\/?p=183464","title":{"rendered":"M\u00fczeden \u00c7al\u0131nan 2 Eser Geri Al\u0131nd\u0131"},"content":{"rendered":"<p>DERA \u2013 Dera il Arkeoloji M\u00fcd\u00fcrl\u00fc\u011f\u00fc bug\u00fcn g\u00fcvenlik birimleriyle i\u015fbirli\u011fi i\u00e7inde d\u0131\u015f g\u00fc\u00e7lere tabi kiral\u0131k ter\u00f6ristlerin daha \u00f6nce Kunaytra\u2019da bulunduklar\u0131 s\u0131rada Kunaytra M\u00fczesinden \u00e7al\u0131nan 2 tarihi eseri geri ald\u0131.<\/p>\n<p>Dera \u0130l Arkeoloji M\u00fcd\u00fcr\u00fc Muhammed Nasrullah SANA\u2019ya yapt\u0131\u011f\u0131 a\u00e7\u0131klamada; g\u00fcvenlik birimlerinin Dera \u0130linin kuzeyi Sanamayn B\u00f6lgesinde daha \u00f6nce \u00e7al\u0131nm\u0131\u015f 2 tarihi eser ele ge\u00e7irdiklerini s\u00f6yledi. \u00c7al\u0131nt\u0131 tarihi eserlerde yap\u0131lan tetkik i\u015flemleri sonucunda ikisinin Kunaytra Ulusal M\u00fczesine ait olduklar\u0131n\u0131n tespit edildi\u011fini ifade eden Nasrullah; tarihi eserlerin ge\u00e7ici olarak Dera M\u00fczesine emanet olarak teslim edildi\u011fini kaydetti.<\/p>\n<p>\u00c7eviri: S. \u015eahut<\/p>\n","protected":false},"excerpt":{"rendered":"<p>DERA \u2013 Dera il Arkeoloji M\u00fcd\u00fcrl\u00fc\u011f\u00fc bug\u00fcn g\u00fcvenlik birimleriyle i\u015fbirli\u011fi i\u00e7inde d\u0131\u015f g\u00fc\u00e7lere tabi kiral\u0131k ter\u00f6ristlerin daha \u00f6nce Kunaytra\u2019da bulunduklar\u0131 s\u0131rada Kunaytra M\u00fczesinden \u00e7al\u0131nan 2 tarihi eseri geri ald\u0131. Dera \u0130l Arkeoloji M\u00fcd\u00fcr\u00fc Muhammed Nasrullah SANA\u2019ya yapt\u0131\u011f\u0131 a\u00e7\u0131klamada; g\u00fcvenlik birimlerinin Dera \u0130linin kuzeyi Sanamayn B\u00f6lgesinde daha \u00f6nce \u00e7al\u0131nm\u0131\u015f 2 tarihi eser ele ge\u00e7irdiklerini s\u00f6yledi. \u00c7al\u0131nt\u0131 &hellip;<\/p>\n","protected":false},"author":1,"featured_media":183469,"comment_status":"closed","ping_status":"closed","sticky":false,"template":"","format":"standard","meta":{"footnotes":""},"categories":[516,479,511,17988,478],"tags":[],"class_list":["post-183464","post","type-post","status-publish","format-standard","has-post-thumbnail","","category-haberler-kultur-ve-sanat","category-haberler-yerel","category-kultur-ve-sanat","category-son-haberler","category-yerel"],"_links":{"self":[{"href":"https:\/\/archive.sana.sy\/tr\/index.php?rest_route=\/wp\/v2\/posts\/183464","targetHints":{"allow":["GET"]}}],"collection":[{"href":"https:\/\/archive.sana.sy\/tr\/index.php?rest_route=\/wp\/v2\/posts"}],"about":[{"href":"https:\/\/archive.sana.sy\/tr\/index.php?rest_route=\/wp\/v2\/types\/post"}],"author":[{"embeddable":true,"href":"https:\/\/archive.sana.sy\/tr\/index.php?rest_route=\/wp\/v2\/users\/1"}],"replies":[{"embeddable":true,"href":"https:\/\/archive.sana.sy\/tr\/index.php?rest_route=%2Fwp%2Fv2%2Fcomments&post=183464"}],"version-history":[{"count":0,"href":"https:\/\/archive.sana.sy\/tr\/index.php?rest_route=\/wp\/v2\/posts\/183464\/revisions"}],"wp:featuredmedia":[{"embeddable":true,"href":"https:\/\/archive.sana.sy\/tr\/index.php?rest_route=\/wp\/v2\/media\/183469"}],"wp:attachment":[{"href":"https:\/\/archive.sana.sy\/tr\/index.php?rest_route=%2Fwp%2Fv2%2Fmedia&parent=183464"}],"wp:term":[{"taxonomy":"category","embeddable":true,"href":"https:\/\/archive.sana.sy\/tr\/index.php?rest_route=%2Fwp%2Fv2%2Fcategories&post=183464"},{"taxonomy":"post_tag","embeddable":true,"href":"https:\/\/archive.sana.sy\/tr\/index.php?rest_route=%2Fwp%2Fv2%2Ftags&post=183464"}],"curies":[{"name":"wp","href":"https:\/\/api.w.org\/{rel}","templated":true}]}}