{"id":183542,"date":"2019-05-27T22:24:44","date_gmt":"2019-05-27T19:24:44","guid":{"rendered":"http:\/\/www.sana.sy\/tr\/?p=183542"},"modified":"2019-05-29T13:21:55","modified_gmt":"2019-05-29T10:21:55","slug":"dusman-israil-saldirisinda-bir-sehidimiz-bir-de-yaralimiz-var","status":"publish","type":"post","link":"https:\/\/archive.sana.sy\/tr\/?p=183542","title":{"rendered":"D\u00fc\u015fman \u0130srail Sald\u0131r\u0131s\u0131nda Bir \u015eehidimiz Bir De Yaral\u0131m\u0131z Var"},"content":{"rendered":"<p style=\"text-align: justify;\">KUNAYTRA KIRSALI \u2013 D\u00fc\u015fman \u0130srail&#8217;in Kunaytra k\u0131rsal\u0131ndaki askeri mevkilerimizden birine y\u00f6nelik f\u00fczeli sald\u0131r\u0131s\u0131nda bir askerimiz \u015fehit bir askerimiz de yaral\u0131 d\u00fc\u015ft\u00fc.<\/p>\n<p style=\"text-align: justify;\">Askeri Kaynak, saat 21:10&#8217;da d\u00fc\u015fman \u0130srail, Kunaytra k\u0131rsal\u0131 Han Ernebe&#8217;nin do\u011fusunda bulunan askeri mevkilerimizden birini hedef ald\u0131\u011f\u0131n\u0131 belirtti.<\/p>\n<p style=\"text-align: justify;\">Kaynak, sald\u0131r\u0131 sonucunda, bir askerimizin \u015fehit d\u00fc\u015ft\u00fc\u011f\u00fcn\u00fc bir di\u011fer askerimizin de yaraland\u0131\u011f\u0131n\u0131 a\u00e7\u0131klad\u0131.<\/p>\n<p>\u00c7eviri: S.\u015eahut<\/p>\n","protected":false},"excerpt":{"rendered":"<p>KUNAYTRA KIRSALI \u2013 D\u00fc\u015fman \u0130srail&#8217;in Kunaytra k\u0131rsal\u0131ndaki askeri mevkilerimizden birine y\u00f6nelik f\u00fczeli sald\u0131r\u0131s\u0131nda bir askerimiz \u015fehit bir askerimiz de yaral\u0131 d\u00fc\u015ft\u00fc. Askeri Kaynak, saat 21:10&#8217;da d\u00fc\u015fman \u0130srail, Kunaytra k\u0131rsal\u0131 Han Ernebe&#8217;nin do\u011fusunda bulunan askeri mevkilerimizden birini hedef ald\u0131\u011f\u0131n\u0131 belirtti. Kaynak, sald\u0131r\u0131 sonucunda, bir askerimizin \u015fehit d\u00fc\u015ft\u00fc\u011f\u00fcn\u00fc bir di\u011fer askerimizin de yaraland\u0131\u011f\u0131n\u0131 a\u00e7\u0131klad\u0131. \u00c7eviri: S.\u015eahut<\/p>\n","protected":false},"author":1,"featured_media":183543,"comment_status":"closed","ping_status":"closed","sticky":false,"template":"","format":"standard","meta":{"footnotes":""},"categories":[479,575,17988,478],"tags":[],"class_list":["post-183542","post","type-post","status-publish","format-standard","has-post-thumbnail","","category-haberler-yerel","category-olaylar-ve-gercekler","category-son-haberler","category-yerel"],"_links":{"self":[{"href":"https:\/\/archive.sana.sy\/tr\/index.php?rest_route=\/wp\/v2\/posts\/183542","targetHints":{"allow":["GET"]}}],"collection":[{"href":"https:\/\/archive.sana.sy\/tr\/index.php?rest_route=\/wp\/v2\/posts"}],"about":[{"href":"https:\/\/archive.sana.sy\/tr\/index.php?rest_route=\/wp\/v2\/types\/post"}],"author":[{"embeddable":true,"href":"https:\/\/archive.sana.sy\/tr\/index.php?rest_route=\/wp\/v2\/users\/1"}],"replies":[{"embeddable":true,"href":"https:\/\/archive.sana.sy\/tr\/index.php?rest_route=%2Fwp%2Fv2%2Fcomments&post=183542"}],"version-history":[{"count":0,"href":"https:\/\/archive.sana.sy\/tr\/index.php?rest_route=\/wp\/v2\/posts\/183542\/revisions"}],"wp:featuredmedia":[{"embeddable":true,"href":"https:\/\/archive.sana.sy\/tr\/index.php?rest_route=\/wp\/v2\/media\/183543"}],"wp:attachment":[{"href":"https:\/\/archive.sana.sy\/tr\/index.php?rest_route=%2Fwp%2Fv2%2Fmedia&parent=183542"}],"wp:term":[{"taxonomy":"category","embeddable":true,"href":"https:\/\/archive.sana.sy\/tr\/index.php?rest_route=%2Fwp%2Fv2%2Fcategories&post=183542"},{"taxonomy":"post_tag","embeddable":true,"href":"https:\/\/archive.sana.sy\/tr\/index.php?rest_route=%2Fwp%2Fv2%2Ftags&post=183542"}],"curies":[{"name":"wp","href":"https:\/\/api.w.org\/{rel}","templated":true}]}}