{"id":183674,"date":"2019-05-29T21:43:11","date_gmt":"2019-05-29T18:43:11","guid":{"rendered":"http:\/\/www.sana.sy\/tr\/?p=183674"},"modified":"2019-05-30T13:48:39","modified_gmt":"2019-05-30T10:48:39","slug":"buyuk-azim-ve-israrla-kasyun-kartallari-iran-ve-ozbekistan-dostluk-maclarina-hazirlaniyor","status":"publish","type":"post","link":"https:\/\/archive.sana.sy\/tr\/?p=183674","title":{"rendered":"B\u00fcy\u00fck Azim ve Israrla Kasyun Kartallar\u0131 \u0130ran ve \u00d6zbekistan Dostluk Ma\u00e7lar\u0131na Haz\u0131rlan\u0131yor (V\u0130DEO)"},"content":{"rendered":"<p style=\"text-align: justify;\">\u015eAM \u2013 Suriye A Milli Futbol Tak\u0131m\u0131 Asya ve D\u00fcnya Kupas\u0131 elemelerine haz\u0131rl\u0131klar\u0131 \u00e7er\u00e7evesinde 6 ve 11 Haziran tarihlerinde \u0130ran ve \u00d6zbekistan tak\u0131mlar\u0131yla iki dostluk ma\u00e7\u0131na \u00e7\u0131kmaya haz\u0131rlan\u0131yor.<\/p>\n<p><a href=\"http:\/\/www.sana.sy\/tr\/wp-content\/uploads\/2019\/05\/2-14.jpg\"><img loading=\"lazy\" decoding=\"async\" class=\"alignright wp-image-183676 size-medium\" src=\"http:\/\/www.sana.sy\/tr\/wp-content\/uploads\/2019\/05\/2-14-300x168.jpg\" alt=\"\" width=\"300\" height=\"168\" srcset=\"https:\/\/archive.sana.sy\/tr\/wp-content\/uploads\/2019\/05\/2-14-300x168.jpg 300w, https:\/\/archive.sana.sy\/tr\/wp-content\/uploads\/2019\/05\/2-14-150x84.jpg 150w, https:\/\/archive.sana.sy\/tr\/wp-content\/uploads\/2019\/05\/2-14.jpg 660w\" sizes=\"auto, (max-width: 300px) 100vw, 300px\" \/><\/a><\/p>\n<p style=\"text-align: justify;\">4 Haziran&#8217;a kadar s\u00fcrecek olan antrenmanlar\u0131n\u0131n ilkini \u015eam Feyha Stad\u0131nda d\u00fcn ak\u015fam Teknik Direkt\u00f6r Fecr \u0130brahim \u00f6nderli\u011finde ba\u015flad\u0131.<\/p>\n<p style=\"text-align: justify;\">SANA spor muhabiri baz\u0131 milli oyuncularla d\u00fczenledi\u011fi r\u00f6portaj\u0131nda, gelecek iki dostluk ma\u00e7\u0131na iyi bir \u015fekilde haz\u0131rlanmak istediklerini ve Suriye sporuna yara\u015f\u0131r bir \u015fekilde iyi sonu\u00e7lar sunmak i\u00e7in ellerinden geleni yapacaklar\u0131n\u0131 dile getirdiler.<\/p>\n<p><a href=\"http:\/\/www.sana.sy\/tr\/wp-content\/uploads\/2019\/05\/3-13.jpg\"><img loading=\"lazy\" decoding=\"async\" class=\"alignright wp-image-183677 size-medium\" src=\"http:\/\/www.sana.sy\/tr\/wp-content\/uploads\/2019\/05\/3-13-300x168.jpg\" alt=\"\" width=\"300\" height=\"168\" srcset=\"https:\/\/archive.sana.sy\/tr\/wp-content\/uploads\/2019\/05\/3-13-300x168.jpg 300w, https:\/\/archive.sana.sy\/tr\/wp-content\/uploads\/2019\/05\/3-13-150x84.jpg 150w, https:\/\/archive.sana.sy\/tr\/wp-content\/uploads\/2019\/05\/3-13.jpg 660w\" sizes=\"auto, (max-width: 300px) 100vw, 300px\" \/><\/a><\/p>\n<p style=\"text-align: justify;\">Teknik Direkt\u00f6r Fecr \u0130brahim ise, s\u00f6z konusu haz\u0131rl\u0131k a\u015famas\u0131n\u0131n iki ay \u00f6nceden ba\u015flayan haz\u0131rl\u0131klar\u0131n tamamlay\u0131c\u0131s\u0131 oldu\u011funu, \u00dcrd\u00fcn ve Irak ile Uluslararas\u0131 Dostluk turnuvas\u0131 yan\u0131 s\u0131ra Birle\u015fik Arap Emirlikleri tak\u0131m\u0131yla da haz\u0131rl\u0131k ma\u00e7\u0131 d\u00fczenlediklerini ifade etti.<\/p>\n<p style=\"text-align: justify;\">Dahili haz\u0131rl\u0131klara bir dizi yeni oyuncular\u0131n da dahil edildi\u011fini ifade eden \u0130brahim, \u00d6mer Souma ve \u00d6mer Hreybin&#8217;in de bu haz\u0131rl\u0131k ma\u00e7lar\u0131na dahil olduklar\u0131n\u0131 dile getirdi.<\/p>\n<p><a href=\"http:\/\/www.sana.sy\/tr\/wp-content\/uploads\/2019\/05\/4-8.jpg\"><img loading=\"lazy\" decoding=\"async\" class=\"alignright wp-image-183678 size-medium\" src=\"http:\/\/www.sana.sy\/tr\/wp-content\/uploads\/2019\/05\/4-8-300x168.jpg\" alt=\"\" width=\"300\" height=\"168\" srcset=\"https:\/\/archive.sana.sy\/tr\/wp-content\/uploads\/2019\/05\/4-8-300x168.jpg 300w, https:\/\/archive.sana.sy\/tr\/wp-content\/uploads\/2019\/05\/4-8-150x84.jpg 150w, https:\/\/archive.sana.sy\/tr\/wp-content\/uploads\/2019\/05\/4-8.jpg 660w\" sizes=\"auto, (max-width: 300px) 100vw, 300px\" \/><\/a><\/p>\n<p style=\"text-align: justify;\">Kendi y\u00f6n\u00fcnden Milli tak\u0131m genel m\u00fcd\u00fcr\u00fc R\u0131dvan \u015eeyh Hasan, gelecek a\u015famada milli tak\u0131m\u0131n yan\u0131nda durarak iyi bir haz\u0131rl\u0131k ve eleme ma\u00e7lar\u0131 yapmak istediklerini daha sonras\u0131nda da Asya ve D\u00fcnya Kupas\u0131na bilet alma niyetinde olduklar\u0131n\u0131 dile getirdi.<\/p>\n<p style=\"text-align: justify;\">Futbol Federasyonu Ba\u015fkan\u0131 Fadi Debbas ise, milli tak\u0131m oyuncular\u0131n\u0131n teknik direkt\u00f6rle uyum birli\u011fi i\u00e7erisinde g\u00f6r\u00fcld\u00fcklerini dile getirerek \u00f6n\u00fcm\u00fczdeki dostluk ma\u00e7lar\u0131na haz\u0131r olduklar\u0131n\u0131 vurgulad\u0131.<\/p>\n<p>\u00c7eviri: S.\u015eahut<\/p>\n<div id='gallery-1' class='gallery galleryid-183674 gallery-columns-3 gallery-size-full'><figure class='gallery-item'>\n\t\t\t<div class='gallery-icon landscape'>\n\t\t\t\t<a href='https:\/\/archive.sana.sy\/tr\/wp-content\/uploads\/2019\/05\/5-8.jpg'><img loading=\"lazy\" decoding=\"async\" width=\"660\" height=\"370\" src=\"https:\/\/archive.sana.sy\/tr\/wp-content\/uploads\/2019\/05\/5-8.jpg\" class=\"attachment-full size-full\" alt=\"\" srcset=\"https:\/\/archive.sana.sy\/tr\/wp-content\/uploads\/2019\/05\/5-8.jpg 660w, https:\/\/archive.sana.sy\/tr\/wp-content\/uploads\/2019\/05\/5-8-150x84.jpg 150w, https:\/\/archive.sana.sy\/tr\/wp-content\/uploads\/2019\/05\/5-8-300x168.jpg 300w\" sizes=\"auto, (max-width: 660px) 100vw, 660px\" \/><\/a>\n\t\t\t<\/div><\/figure><figure class='gallery-item'>\n\t\t\t<div class='gallery-icon landscape'>\n\t\t\t\t<a href='https:\/\/archive.sana.sy\/tr\/wp-content\/uploads\/2019\/05\/6-9.jpg'><img loading=\"lazy\" decoding=\"async\" width=\"660\" height=\"370\" src=\"https:\/\/archive.sana.sy\/tr\/wp-content\/uploads\/2019\/05\/6-9.jpg\" class=\"attachment-full size-full\" alt=\"\" srcset=\"https:\/\/archive.sana.sy\/tr\/wp-content\/uploads\/2019\/05\/6-9.jpg 660w, https:\/\/archive.sana.sy\/tr\/wp-content\/uploads\/2019\/05\/6-9-150x84.jpg 150w, https:\/\/archive.sana.sy\/tr\/wp-content\/uploads\/2019\/05\/6-9-300x168.jpg 300w\" sizes=\"auto, (max-width: 660px) 100vw, 660px\" \/><\/a>\n\t\t\t<\/div><\/figure><figure class='gallery-item'>\n\t\t\t<div class='gallery-icon landscape'>\n\t\t\t\t<a href='https:\/\/archive.sana.sy\/tr\/wp-content\/uploads\/2019\/05\/7-2.jpg'><img loading=\"lazy\" decoding=\"async\" width=\"660\" height=\"370\" src=\"https:\/\/archive.sana.sy\/tr\/wp-content\/uploads\/2019\/05\/7-2.jpg\" class=\"attachment-full size-full\" alt=\"\" srcset=\"https:\/\/archive.sana.sy\/tr\/wp-content\/uploads\/2019\/05\/7-2.jpg 660w, https:\/\/archive.sana.sy\/tr\/wp-content\/uploads\/2019\/05\/7-2-150x84.jpg 150w, https:\/\/archive.sana.sy\/tr\/wp-content\/uploads\/2019\/05\/7-2-300x168.jpg 300w\" sizes=\"auto, (max-width: 660px) 100vw, 660px\" \/><\/a>\n\t\t\t<\/div><\/figure>\n\t\t<\/div>\n\n<p><iframe loading=\"lazy\" src=\"https:\/\/www.youtube.com\/embed\/E10a75Rhp_0\" width=\"660\" height=\"370\" frameborder=\"0\" allowfullscreen=\"allowfullscreen\"><span data-mce-type=\"bookmark\" style=\"display: inline-block; width: 0px; overflow: hidden; line-height: 0;\" class=\"mce_SELRES_start\">\ufeff<\/span><\/iframe><\/p>\n","protected":false},"excerpt":{"rendered":"<p>\u015eAM \u2013 Suriye A Milli Futbol Tak\u0131m\u0131 Asya ve D\u00fcnya Kupas\u0131 elemelerine haz\u0131rl\u0131klar\u0131 \u00e7er\u00e7evesinde 6 ve 11 Haziran tarihlerinde \u0130ran ve \u00d6zbekistan tak\u0131mlar\u0131yla iki dostluk ma\u00e7\u0131na \u00e7\u0131kmaya haz\u0131rlan\u0131yor. 4 Haziran&#8217;a kadar s\u00fcrecek olan antrenmanlar\u0131n\u0131n ilkini \u015eam Feyha Stad\u0131nda d\u00fcn ak\u015fam Teknik Direkt\u00f6r Fecr \u0130brahim \u00f6nderli\u011finde ba\u015flad\u0131. SANA spor muhabiri baz\u0131 milli oyuncularla d\u00fczenledi\u011fi r\u00f6portaj\u0131nda, gelecek &hellip;<\/p>\n","protected":false},"author":1,"featured_media":183675,"comment_status":"closed","ping_status":"closed","sticky":false,"template":"","format":"standard","meta":{"footnotes":""},"categories":[498,596,17988,496],"tags":[],"class_list":["post-183674","post","type-post","status-publish","format-standard","has-post-thumbnail","","category-dunya-turnuvalari","category-fotografli-raporlar","category-son-haberler","category-spor"],"_links":{"self":[{"href":"https:\/\/archive.sana.sy\/tr\/index.php?rest_route=\/wp\/v2\/posts\/183674","targetHints":{"allow":["GET"]}}],"collection":[{"href":"https:\/\/archive.sana.sy\/tr\/index.php?rest_route=\/wp\/v2\/posts"}],"about":[{"href":"https:\/\/archive.sana.sy\/tr\/index.php?rest_route=\/wp\/v2\/types\/post"}],"author":[{"embeddable":true,"href":"https:\/\/archive.sana.sy\/tr\/index.php?rest_route=\/wp\/v2\/users\/1"}],"replies":[{"embeddable":true,"href":"https:\/\/archive.sana.sy\/tr\/index.php?rest_route=%2Fwp%2Fv2%2Fcomments&post=183674"}],"version-history":[{"count":0,"href":"https:\/\/archive.sana.sy\/tr\/index.php?rest_route=\/wp\/v2\/posts\/183674\/revisions"}],"wp:featuredmedia":[{"embeddable":true,"href":"https:\/\/archive.sana.sy\/tr\/index.php?rest_route=\/wp\/v2\/media\/183675"}],"wp:attachment":[{"href":"https:\/\/archive.sana.sy\/tr\/index.php?rest_route=%2Fwp%2Fv2%2Fmedia&parent=183674"}],"wp:term":[{"taxonomy":"category","embeddable":true,"href":"https:\/\/archive.sana.sy\/tr\/index.php?rest_route=%2Fwp%2Fv2%2Fcategories&post=183674"},{"taxonomy":"post_tag","embeddable":true,"href":"https:\/\/archive.sana.sy\/tr\/index.php?rest_route=%2Fwp%2Fv2%2Ftags&post=183674"}],"curies":[{"name":"wp","href":"https:\/\/api.w.org\/{rel}","templated":true}]}}