{"id":183683,"date":"2019-05-29T23:24:43","date_gmt":"2019-05-29T20:24:43","guid":{"rendered":"http:\/\/www.sana.sy\/tr\/?p=183683"},"modified":"2019-05-30T14:38:43","modified_gmt":"2019-05-30T11:38:43","slug":"muallim-halk-meclisinde-suriyeye-yonelik-ekonomik-ambargo-teror-sekillerinden-birisidir","status":"publish","type":"post","link":"https:\/\/archive.sana.sy\/tr\/?p=183683","title":{"rendered":"Muallim Halk Meclisinde: Suriye&#8217;ye Y\u00f6nelik Ekonomik Ambargo Ter\u00f6r \u015eekillerinden Birisidir"},"content":{"rendered":"<p style=\"text-align: justify;\">\u015eAM \u2013 Halk Meclisi, Meclis Ba\u015fkan\u0131 Hamuda Sabba\u011f ba\u015fkanl\u0131\u011f\u0131nda bug\u00fcn d\u00fczenlenen 10. D\u00f6nem 9. Oturumunda Ba\u015fbakan Yard\u0131mc\u0131s\u0131 D\u0131\u015fi\u015fleri ve Gurbet\u00e7iler Bakan\u0131 Velit Muallim Arap ve Uluslararas\u0131 sahalardaki son geli\u015fmeler hakk\u0131nda brifing verdi.<\/p>\n<p><a href=\"http:\/\/www.sana.sy\/tr\/wp-content\/uploads\/2019\/05\/3-14.jpg\"><img loading=\"lazy\" decoding=\"async\" class=\"alignright wp-image-183685 size-medium\" src=\"http:\/\/www.sana.sy\/tr\/wp-content\/uploads\/2019\/05\/3-14-300x200.jpg\" alt=\"\" width=\"300\" height=\"200\" srcset=\"https:\/\/archive.sana.sy\/tr\/wp-content\/uploads\/2019\/05\/3-14-300x200.jpg 300w, https:\/\/archive.sana.sy\/tr\/wp-content\/uploads\/2019\/05\/3-14-150x100.jpg 150w, https:\/\/archive.sana.sy\/tr\/wp-content\/uploads\/2019\/05\/3-14-768x512.jpg 768w, https:\/\/archive.sana.sy\/tr\/wp-content\/uploads\/2019\/05\/3-14.jpg 960w\" sizes=\"auto, (max-width: 300px) 100vw, 300px\" \/><\/a><\/p>\n<p style=\"text-align: justify;\">Oturumun ba\u015flang\u0131c\u0131nda Meclis Ba\u015fkan\u0131 Sabba\u011f, bug\u00fcn olan Meclis Koruyucular\u0131n\u0131n \u015fehit d\u00fc\u015fmeleri y\u0131l d\u00f6n\u00fcmlerinde sunduklar\u0131 fedakarl\u0131klar\u0131 hat\u0131rlatarak, 29 May\u0131s 1945 y\u0131l\u0131 tarihinin Suriye halk\u0131n\u0131n direni\u015f ve kahramanca gelenekleri k\u00fclt\u00fcr\u00fcnde b\u00fcy\u00fck bir sembol temsil ettiklerini vurgulad\u0131.<\/p>\n<p style=\"text-align: justify;\">Meclis \u00f6n\u00fcnde siyasi konu\u015fmas\u0131n\u0131n \u00f6ns\u00f6z\u00fcnde Bakan Muallim, Parlamento hamilerinin \u015fehitlik y\u0131l d\u00f6n\u00fcmlerinin ta\u015f\u0131d\u0131\u011f\u0131 y\u00fcce anlamlar\u0131 hat\u0131rlatarak; &#8220;\u015eehitlerinin y\u0131l d\u00f6n\u00fcm\u00fc kutlayan halk hi\u00e7 bir zaman \u00f6lmez&#8221; diye belirtti.<\/p>\n<p style=\"text-align: justify;\">Muallim, Suriye&#8217;nin 2011 y\u0131l\u0131ndaki kom\u011flonun ba\u015flang\u0131c\u0131ndan beri maruz kald\u0131\u011f\u0131 ter\u00f6r sava\u015f\u0131n\u0131n geli\u015fmelerini, bu komplonun ba\u015flang\u0131c\u0131ndan beri ortak olan T\u00fcrkiye&#8217;nin ter\u00f6ristleri nas\u0131l e\u011fitip silahland\u0131rd\u0131\u011f\u0131n\u0131, bunun yan\u0131 s\u0131ra El Cezire b\u00f6lgesinde Amerika&#8217;n\u0131n da DSG milislerini silahland\u0131r\u0131p destekledi\u011fini dile getirerek Washington, Avrupa Birli\u011fi \u00fclekeleri ve baz\u0131 Arap \u00fclkeleri taraf\u0131ndan Suriye halk\u0131na dayat\u0131lan tek tarafl\u0131 zorlay\u0131c\u0131 ekonomik yapt\u0131r\u0131mlar hakk\u0131nda bilgi verdi.<\/p>\n<p><a href=\"http:\/\/www.sana.sy\/tr\/wp-content\/uploads\/2019\/05\/4-9.jpg\"><img loading=\"lazy\" decoding=\"async\" class=\"alignright wp-image-183686 size-medium\" src=\"http:\/\/www.sana.sy\/tr\/wp-content\/uploads\/2019\/05\/4-9-300x200.jpg\" alt=\"\" width=\"300\" height=\"200\" srcset=\"https:\/\/archive.sana.sy\/tr\/wp-content\/uploads\/2019\/05\/4-9-300x200.jpg 300w, https:\/\/archive.sana.sy\/tr\/wp-content\/uploads\/2019\/05\/4-9-150x100.jpg 150w, https:\/\/archive.sana.sy\/tr\/wp-content\/uploads\/2019\/05\/4-9-768x512.jpg 768w, https:\/\/archive.sana.sy\/tr\/wp-content\/uploads\/2019\/05\/4-9.jpg 960w\" sizes=\"auto, (max-width: 300px) 100vw, 300px\" \/><\/a><\/p>\n<p style=\"text-align: justify;\">Bakan Muallim, Suriye halk\u0131na y\u00f6nelik ekonomik yapt\u0131r\u0131mlar\u0131n ter\u00f6r \u015fekillerinden birini olu\u015fturdu\u011funu \u00e7\u00fcnk\u00fc halk\u0131m\u0131z\u0131n her ferdini buna ek olarak Suriye ve \u00f6zel sekt\u00f6rle i\u015fbirli\u011fi i\u00e7erisinde olan \u015firketleri de kapsad\u0131\u011f\u0131n\u0131 belirterek, petrol g\u00f6l\u00fc \u00fczerinde y\u00fczen ve Suriye&#8217;yi bir varil petrolden mahrum eden Arap \u00fclkelerinin reddetmeye c\u00fcret edemedikleri Amerikan talimatlar\u0131n\u0131n uygulamalar\u0131 do\u011frultusunda geldi\u011fine i\u015faret etti.<\/p>\n<p style=\"text-align: justify;\">D\u0131\u015fi\u015fleri Bakan\u0131, Suriye halk\u0131n\u0131n direni\u015f ve sabr\u0131yla bir mucize halk oldu\u011funu ispat etti\u011fini vurgulayarak, Suriye&#8217;nin Cumhurba\u015fkan\u0131 Be\u015f\u015far Esad \u00f6nderli\u011fi ile Hama kuzey k\u0131rsal\u0131 ile \u0130dlib G\u00fcney k\u0131rsallar\u0131nda her kar\u0131\u015f topra\u011f\u0131m\u0131z\u0131 kurtarmak i\u00e7in en sert \u00e7at\u0131\u015fmalar\u0131 y\u00fcr\u00fcten ve topraklar\u0131m\u0131z\u0131 ter\u00f6r ile yabanc\u0131 varl\u0131ktan kurtaracak olan kahraman silahl\u0131 kuvvetlerimiz sayesinde zafere eri\u015fece\u011fini vurgulad\u0131.<\/p>\n<p style=\"text-align: justify;\">Muallim, Bat\u0131&#8217;n\u0131n petrol ve do\u011fal kaynaklar bak\u0131m\u0131ndan zengin olan bu b\u00f6lgemizin, bat\u0131l\u0131 \u00fcr\u00fcnlere b\u00fcy\u00fck bir t\u00fcketici pazar ve Siyonist varl\u0131\u011f\u0131n bu b\u00f6lgenin hakimi olarak kalmas\u0131n\u0131 istedi\u011fini belirterek, Bat\u0131n\u0131n istedi\u011finin bu ter\u00f6r sava\u015f\u0131n\u0131n Suriye&#8217;de devam etmesi ve Suriye&#8217;ye dayat\u0131lan ekonomik yapt\u0131r\u0131mlar\u0131 s\u00fcrd\u00fcrerek yeniden imara kat\u0131lmak isteyen \u00fclkelerin kat\u0131l\u0131mlar\u0131n\u0131 engellemek ve Amerikan Kuvvetlerinin El Cezire b\u00f6lgesindeki varl\u0131\u011f\u0131n\u0131 s\u00fcrd\u00fcrmesi ve DSG mililserine deste\u011fini s\u00fcrd\u00fcrmeyi hedefledi\u011fini s\u00f6yledi.<\/p>\n<p style=\"text-align: justify;\">Muallim ayr\u0131ca, sava\u015f\u0131n hen\u00fcz bitmedi\u011fini lakin Suriye&#8217;nin nihai zaferi sa\u011flamamam\u0131za ra\u011fmen \u00e7ok saha iyi durumda oldu\u011funu vurgulad\u0131.<\/p>\n<p>\u00c7eviri: S.\u015eahut<\/p>\n","protected":false},"excerpt":{"rendered":"<p>\u015eAM \u2013 Halk Meclisi, Meclis Ba\u015fkan\u0131 Hamuda Sabba\u011f ba\u015fkanl\u0131\u011f\u0131nda bug\u00fcn d\u00fczenlenen 10. D\u00f6nem 9. Oturumunda Ba\u015fbakan Yard\u0131mc\u0131s\u0131 D\u0131\u015fi\u015fleri ve Gurbet\u00e7iler Bakan\u0131 Velit Muallim Arap ve Uluslararas\u0131 sahalardaki son geli\u015fmeler hakk\u0131nda brifing verdi. Oturumun ba\u015flang\u0131c\u0131nda Meclis Ba\u015fkan\u0131 Sabba\u011f, bug\u00fcn olan Meclis Koruyucular\u0131n\u0131n \u015fehit d\u00fc\u015fmeleri y\u0131l d\u00f6n\u00fcmlerinde sunduklar\u0131 fedakarl\u0131klar\u0131 hat\u0131rlatarak, 29 May\u0131s 1945 y\u0131l\u0131 tarihinin Suriye halk\u0131n\u0131n &hellip;<\/p>\n","protected":false},"author":1,"featured_media":183684,"comment_status":"closed","ping_status":"closed","sticky":false,"template":"","format":"standard","meta":{"footnotes":""},"categories":[479,17988,478],"tags":[],"class_list":["post-183683","post","type-post","status-publish","format-standard","has-post-thumbnail","","category-haberler-yerel","category-son-haberler","category-yerel"],"_links":{"self":[{"href":"https:\/\/archive.sana.sy\/tr\/index.php?rest_route=\/wp\/v2\/posts\/183683","targetHints":{"allow":["GET"]}}],"collection":[{"href":"https:\/\/archive.sana.sy\/tr\/index.php?rest_route=\/wp\/v2\/posts"}],"about":[{"href":"https:\/\/archive.sana.sy\/tr\/index.php?rest_route=\/wp\/v2\/types\/post"}],"author":[{"embeddable":true,"href":"https:\/\/archive.sana.sy\/tr\/index.php?rest_route=\/wp\/v2\/users\/1"}],"replies":[{"embeddable":true,"href":"https:\/\/archive.sana.sy\/tr\/index.php?rest_route=%2Fwp%2Fv2%2Fcomments&post=183683"}],"version-history":[{"count":0,"href":"https:\/\/archive.sana.sy\/tr\/index.php?rest_route=\/wp\/v2\/posts\/183683\/revisions"}],"wp:featuredmedia":[{"embeddable":true,"href":"https:\/\/archive.sana.sy\/tr\/index.php?rest_route=\/wp\/v2\/media\/183684"}],"wp:attachment":[{"href":"https:\/\/archive.sana.sy\/tr\/index.php?rest_route=%2Fwp%2Fv2%2Fmedia&parent=183683"}],"wp:term":[{"taxonomy":"category","embeddable":true,"href":"https:\/\/archive.sana.sy\/tr\/index.php?rest_route=%2Fwp%2Fv2%2Fcategories&post=183683"},{"taxonomy":"post_tag","embeddable":true,"href":"https:\/\/archive.sana.sy\/tr\/index.php?rest_route=%2Fwp%2Fv2%2Ftags&post=183683"}],"curies":[{"name":"wp","href":"https:\/\/api.w.org\/{rel}","templated":true}]}}