{"id":18380,"date":"2014-12-18T15:17:21","date_gmt":"2014-12-18T13:17:21","guid":{"rendered":"http:\/\/www.sana.sy\/tr\/?p=18380"},"modified":"2014-12-18T15:17:21","modified_gmt":"2014-12-18T13:17:21","slug":"halklari-ve-cocuklarinin-guvenligine-onem-veriyorlarsa-terore-desteklerini-kesmeliler","status":"publish","type":"post","link":"https:\/\/archive.sana.sy\/tr\/?p=18380","title":{"rendered":"Halklar\u0131 ve \u00c7ocuklar\u0131n\u0131n G\u00fcvenli\u011fine \u00d6nem Veriyorlarsa Ter\u00f6re Desteklerini Kesmeliler"},"content":{"rendered":"<p>\u015eAM \u2013 D\u0131\u015fi\u015fleri ve Gurbet\u00e7iler Bakan\u0131 Yard\u0131mc\u0131s\u0131 Faysal Mikdat bug\u00fcn Pakistan\u2019\u0131n \u015eam B\u00fcy\u00fckel\u00e7ili\u011fini ziyaret ederek iki g\u00fcn \u00f6nce Pakistan\u2019\u0131n Pe\u015faver Kentinde bir okulu hedef alan g\u00fcnahkar sald\u0131r\u0131da ya\u015famlar\u0131n\u0131 yitiren kurbanlar\u0131n ailelerine Suriye h\u00fck\u00fcmeti ve halk\u0131n\u0131n taziyelerini takdim etti.<\/p>\n<p>Mikdat ziyareti s\u0131ras\u0131nda bas\u0131na yapt\u0131\u011f\u0131 a\u00e7\u0131klamada; \u201c Taliban \u00e7etelerinin Pe\u015faver\u2019de okula d\u00fczenledikleri g\u00fcnahkar ter\u00f6r eyleminde ya\u015fam\u0131n\u0131 yitirenlerin ailelerine ilaveten Pakistan h\u00fck\u00fcmeti ve halk\u0131na ba\u015fsa\u011fl\u0131\u011f\u0131 dileklerinde bulunmak i\u00e7in buraday\u0131m.<\/p>\n<p><a href=\"http:\/\/www.sana.sy\/tr\/wp-content\/uploads\/2014\/12\/Mikdat-2.jpg\"><img loading=\"lazy\" decoding=\"async\" class=\"alignright wp-image-18382 size-medium\" src=\"http:\/\/www.sana.sy\/tr\/wp-content\/uploads\/2014\/12\/Mikdat-2-300x270.jpg\" alt=\"Mikdat 2\" width=\"300\" height=\"270\" srcset=\"https:\/\/archive.sana.sy\/tr\/wp-content\/uploads\/2014\/12\/Mikdat-2-300x270.jpg 300w, https:\/\/archive.sana.sy\/tr\/wp-content\/uploads\/2014\/12\/Mikdat-2-150x135.jpg 150w, https:\/\/archive.sana.sy\/tr\/wp-content\/uploads\/2014\/12\/Mikdat-2-1024x923.jpg 1024w\" sizes=\"auto, (max-width: 300px) 100vw, 300px\" \/><\/a>Suriye \u00e7ocuklar\u0131 dahil t\u00fcm halk\u0131, y\u00f6netimi ve h\u00fck\u00fcmeti ad\u0131na karde\u015f Pakistanl\u0131lara taziyelerimizi ve \u00fcz\u00fcnt\u00fcm\u00fcz\u00fc ifade ediyoruz..\u201d ifadesini kulland\u0131.<\/p>\n<p>Ter\u00f6r\u00fcn hi\u00e7 kimseyi istisna tutmad\u0131\u011f\u0131na dikkat \u00e7eken Mikdat; bundan dolay\u0131 bu tehlikeye kar\u015f\u0131 ortak ve ciddi m\u00fccadelenin \u00f6nemine Suriye&#8217;nin her daim vurgu yapt\u0131\u011f\u0131n\u0131 hat\u0131rlatt\u0131.<\/p>\n<p>Mikdat ter\u00f6ristlerin Pakistan, Suriye ve her yerde \u00e7ocuklar\u0131 kas\u0131tl\u0131 bir \u015fekilde hedef ald\u0131klar\u0131na dikkat \u00e7ekerken, \u2018\u0131l\u0131man muhalifler\u2019 olarak adland\u0131r\u0131lan ter\u00f6r \u00e7etelerinin Homs Kentinin \u0130krima Semtinde ilk\u00f6\u011fretim okuluna y\u00f6nelik sald\u0131r\u0131lar\u0131nda bulunduklar\u0131 \u00e7ocuk katliam\u0131n\u0131 hat\u0131rlatt\u0131.<\/p>\n<p>B\u00f6lgede ter\u00f6r\u00fc destekleyen devletlerin de bu ter\u00f6r\u00fcn tehlikesinde uzak olmad\u0131klar\u0131na vurgu yapan Mikdat; s\u00f6z konusu devletlerin kendi halklar\u0131 ve \u00e7ocuklar\u0131n\u0131n g\u00fcvenli\u011fine \u00f6nem vermeleri halinde bu desteklerini kesmeleri gere\u011finin alt\u0131n\u0131 \u00e7izdi.<\/p>\n<p>&nbsp;<\/p>\n","protected":false},"excerpt":{"rendered":"<p>\u015eAM \u2013 D\u0131\u015fi\u015fleri ve Gurbet\u00e7iler Bakan\u0131 Yard\u0131mc\u0131s\u0131 Faysal Mikdat bug\u00fcn Pakistan\u2019\u0131n \u015eam B\u00fcy\u00fckel\u00e7ili\u011fini ziyaret ederek iki g\u00fcn \u00f6nce Pakistan\u2019\u0131n Pe\u015faver Kentinde bir okulu hedef alan g\u00fcnahkar sald\u0131r\u0131da ya\u015famlar\u0131n\u0131 yitiren kurbanlar\u0131n ailelerine Suriye h\u00fck\u00fcmeti ve halk\u0131n\u0131n taziyelerini takdim etti. Mikdat ziyareti s\u0131ras\u0131nda bas\u0131na yapt\u0131\u011f\u0131 a\u00e7\u0131klamada; \u201c Taliban \u00e7etelerinin Pe\u015faver\u2019de okula d\u00fczenledikleri g\u00fcnahkar ter\u00f6r eyleminde ya\u015fam\u0131n\u0131 yitirenlerin &hellip;<\/p>\n","protected":false},"author":1,"featured_media":18381,"comment_status":"closed","ping_status":"closed","sticky":false,"template":"","format":"standard","meta":{"footnotes":""},"categories":[479,478],"tags":[8445,8442,8444,8443],"class_list":["post-18380","post","type-post","status-publish","format-standard","has-post-thumbnail","","category-haberler-yerel","category-yerel","tag-iliman-muhalifler-olarak-adlandirilan-teror-cetelerinin-homs-kentinin-ikrima-semtinde-ilkogretim-okuluna-yonelik-saldirilarinda-bulunduklari-cocuk-katliamini-hatirlatti-bolgede-tero","tag-halklari-ve-cocuklarinin-guvenligine-onem-veriyorlarsa-terore-desteklerini-kesmeliler-sam-disisleri-ve-gurbetciler-bakani-yardimcisi-faysal-mikdat-bugun-pakistanin-sam-buyukelciligi","tag-suriye-ve-her-yerde-cocuklari-kasitli-bir-sekilde-hedef-aldiklarina-dikkat-cekerken","tag-yonetimi-ve-hukumeti-adina-kardes-pakistanlilara-taziyelerimizi-ve-uzuntumuzu-ifade-ediyoruz-ifadesini-kullandi-terorun-hic-kimseyi-istisna-tutmadigina-dikkat-ceken-mikdat-bundan-dolayi-b"],"_links":{"self":[{"href":"https:\/\/archive.sana.sy\/tr\/index.php?rest_route=\/wp\/v2\/posts\/18380","targetHints":{"allow":["GET"]}}],"collection":[{"href":"https:\/\/archive.sana.sy\/tr\/index.php?rest_route=\/wp\/v2\/posts"}],"about":[{"href":"https:\/\/archive.sana.sy\/tr\/index.php?rest_route=\/wp\/v2\/types\/post"}],"author":[{"embeddable":true,"href":"https:\/\/archive.sana.sy\/tr\/index.php?rest_route=\/wp\/v2\/users\/1"}],"replies":[{"embeddable":true,"href":"https:\/\/archive.sana.sy\/tr\/index.php?rest_route=%2Fwp%2Fv2%2Fcomments&post=18380"}],"version-history":[{"count":0,"href":"https:\/\/archive.sana.sy\/tr\/index.php?rest_route=\/wp\/v2\/posts\/18380\/revisions"}],"wp:featuredmedia":[{"embeddable":true,"href":"https:\/\/archive.sana.sy\/tr\/index.php?rest_route=\/wp\/v2\/media\/18381"}],"wp:attachment":[{"href":"https:\/\/archive.sana.sy\/tr\/index.php?rest_route=%2Fwp%2Fv2%2Fmedia&parent=18380"}],"wp:term":[{"taxonomy":"category","embeddable":true,"href":"https:\/\/archive.sana.sy\/tr\/index.php?rest_route=%2Fwp%2Fv2%2Fcategories&post=18380"},{"taxonomy":"post_tag","embeddable":true,"href":"https:\/\/archive.sana.sy\/tr\/index.php?rest_route=%2Fwp%2Fv2%2Ftags&post=18380"}],"curies":[{"name":"wp","href":"https:\/\/api.w.org\/{rel}","templated":true}]}}