{"id":183895,"date":"2019-06-01T14:05:59","date_gmt":"2019-06-01T11:05:59","guid":{"rendered":"http:\/\/www.sana.sy\/tr\/?p=183895"},"modified":"2019-06-02T13:34:53","modified_gmt":"2019-06-02T10:34:53","slug":"mukemmellik-odulunu-suriyeli-kazandi","status":"publish","type":"post","link":"https:\/\/archive.sana.sy\/tr\/?p=183895","title":{"rendered":"M\u00fckemmellik \u00d6d\u00fcl\u00fcn\u00fc Suriyeli Kazand\u0131"},"content":{"rendered":"<p>\u015eAM \u2013 Suriyeli Karikat\u00fcrist Raid Halil \u00c7in\u2019de d\u00fczenlenen Uluslararas\u0131 \u00c7evre Bilimleri Yar\u0131\u015fmas\u0131nda M\u00fckemmellik \u00d6d\u00fcl\u00fcn\u00fc kazand\u0131.<\/p>\n<p>D\u00fcnyan\u0131n farkl\u0131 44 \u00fclkesinden 3 binden fazla tablonun kat\u0131ld\u0131\u011f\u0131 yar\u0131\u015fmada Halil karikat\u00fcr\u00fcnde a\u015f\u0131r\u0131 kurakl\u0131l\u0131k ve su k\u0131tl\u0131\u011f\u0131na dikkat \u00e7ekti.<\/p>\n<p>Yar\u0131\u015fma Birle\u015fmi\u015f Milletler \u00c7evre Program\u0131, D\u00fcnya Do\u011fa Fonu ve Karikat\u00fcr Ara\u015ft\u0131rmalar\u0131 Cemiyetinin yan\u0131 s\u0131ra \u00c7inli ve uluslararas\u0131 \u00e7evre ve medya merkezlerinin riayetinde d\u00fczenlendi.<\/p>\n","protected":false},"excerpt":{"rendered":"<p>\u015eAM \u2013 Suriyeli Karikat\u00fcrist Raid Halil \u00c7in\u2019de d\u00fczenlenen Uluslararas\u0131 \u00c7evre Bilimleri Yar\u0131\u015fmas\u0131nda M\u00fckemmellik \u00d6d\u00fcl\u00fcn\u00fc kazand\u0131. D\u00fcnyan\u0131n farkl\u0131 44 \u00fclkesinden 3 binden fazla tablonun kat\u0131ld\u0131\u011f\u0131 yar\u0131\u015fmada Halil karikat\u00fcr\u00fcnde a\u015f\u0131r\u0131 kurakl\u0131l\u0131k ve su k\u0131tl\u0131\u011f\u0131na dikkat \u00e7ekti. Yar\u0131\u015fma Birle\u015fmi\u015f Milletler \u00c7evre Program\u0131, D\u00fcnya Do\u011fa Fonu ve Karikat\u00fcr Ara\u015ft\u0131rmalar\u0131 Cemiyetinin yan\u0131 s\u0131ra \u00c7inli ve uluslararas\u0131 \u00e7evre ve medya merkezlerinin &hellip;<\/p>\n","protected":false},"author":1,"featured_media":183896,"comment_status":"closed","ping_status":"closed","sticky":false,"template":"","format":"standard","meta":{"footnotes":""},"categories":[516,511,17988],"tags":[],"class_list":["post-183895","post","type-post","status-publish","format-standard","has-post-thumbnail","","category-haberler-kultur-ve-sanat","category-kultur-ve-sanat","category-son-haberler"],"_links":{"self":[{"href":"https:\/\/archive.sana.sy\/tr\/index.php?rest_route=\/wp\/v2\/posts\/183895","targetHints":{"allow":["GET"]}}],"collection":[{"href":"https:\/\/archive.sana.sy\/tr\/index.php?rest_route=\/wp\/v2\/posts"}],"about":[{"href":"https:\/\/archive.sana.sy\/tr\/index.php?rest_route=\/wp\/v2\/types\/post"}],"author":[{"embeddable":true,"href":"https:\/\/archive.sana.sy\/tr\/index.php?rest_route=\/wp\/v2\/users\/1"}],"replies":[{"embeddable":true,"href":"https:\/\/archive.sana.sy\/tr\/index.php?rest_route=%2Fwp%2Fv2%2Fcomments&post=183895"}],"version-history":[{"count":0,"href":"https:\/\/archive.sana.sy\/tr\/index.php?rest_route=\/wp\/v2\/posts\/183895\/revisions"}],"wp:featuredmedia":[{"embeddable":true,"href":"https:\/\/archive.sana.sy\/tr\/index.php?rest_route=\/wp\/v2\/media\/183896"}],"wp:attachment":[{"href":"https:\/\/archive.sana.sy\/tr\/index.php?rest_route=%2Fwp%2Fv2%2Fmedia&parent=183895"}],"wp:term":[{"taxonomy":"category","embeddable":true,"href":"https:\/\/archive.sana.sy\/tr\/index.php?rest_route=%2Fwp%2Fv2%2Fcategories&post=183895"},{"taxonomy":"post_tag","embeddable":true,"href":"https:\/\/archive.sana.sy\/tr\/index.php?rest_route=%2Fwp%2Fv2%2Ftags&post=183895"}],"curies":[{"name":"wp","href":"https:\/\/api.w.org\/{rel}","templated":true}]}}