{"id":183921,"date":"2019-06-02T13:50:32","date_gmt":"2019-06-02T10:50:32","guid":{"rendered":"http:\/\/www.sana.sy\/tr\/?p=183921"},"modified":"2019-06-03T14:24:44","modified_gmt":"2019-06-03T11:24:44","slug":"bu-konularda-suriyenin-cok-gerisindeler","status":"publish","type":"post","link":"https:\/\/archive.sana.sy\/tr\/?p=183921","title":{"rendered":"Bu Konularda Suriye&#8217;nin \u00c7ok Gerisindeler"},"content":{"rendered":"<p>\u015eAM \u2013 D\u0131\u015fi\u015fleri ve Gurbet\u00e7iler Bakanl\u0131\u011f\u0131 Suudi Arabistan\u2019\u0131n Mekke Kentinde d\u00fczenlenen \u0130slam Zirvesi bitiminde ilan edilen beyan\u0131n, zirveye kat\u0131lan devletlerin liderlerinin Bat\u0131ya aleni ve devam eden tabiliklerini yans\u0131tmaktan ba\u015fka bir \u015fey ifade etmedi\u011fini belirtti.<\/p>\n<p>D\u0131\u015fi\u015fleri ve Gurbet\u00e7iler Bakanl\u0131\u011f\u0131nda yetkili bir kaynak SANA\u2019ya yapt\u0131\u011f\u0131 a\u00e7\u0131klamada; Mekke\u2019de yap\u0131lan \u0130slam Zirvesinin \u0130slam \u00fclkelerinde radikallik, a\u015f\u0131r\u0131l\u0131k, \u015fiddet, gericilik ve kapal\u0131l\u0131k gibi kronik krizlere uygun \u00e7\u00f6z\u00fcm bulma yollar\u0131 ve olanaklar\u0131n\u0131 tart\u0131\u015fmas\u0131 gerekti\u011fini ifade etti. Bu sorunlar ve krizler nedeniyle demokrasi, insan haklar\u0131 ve ifade \u00f6zg\u00fcrl\u00fc\u011f\u00fcn\u00fcn tamamen yok edildi\u011fine dikkat \u00e7eken yetkili kaynak; zirvede bunlar\u0131n tart\u0131\u015f\u0131l\u0131p \u00e7\u00f6z\u00fcm aranmas\u0131 yerine Suudi Arabistan ve daha bir\u00e7ok devletin \u00e7ok daha ilerisinde olan Suriye&#8217;deki durumlar\u0131 de\u011ferlendirmeye ve \u00e7amur atmaya \u00e7al\u0131\u015fmalar\u0131n\u0131n hi\u00e7 de mant\u0131kl\u0131 olmad\u0131\u011f\u0131n\u0131n alt\u0131n\u0131 \u00e7izdi.<\/p>\n<p>Yetkili kaynak Suudi Arabistan ve \u0130slam Zirvesinde bulunan bir\u00e7ok devletin demokrasi, insan haklar\u0131, \u00f6zg\u00fcrl\u00fck ve daha bir\u00e7ok meselede Suriye&#8217;nin \u00e7ok daha gerisinde olduklar\u0131n\u0131n d\u00fcnya kamuoyu taraf\u0131ndan bilindi\u011fini ifade etti.<br \/>\nBeyanda \u00f6ne s\u00fcr\u00fclen Cenevre s\u00fcreci ve ge\u00e7ici y\u00f6netim heyeti d\u00fc\u015f\u00fcncelerinin \u00e7ok uzun zaman \u00f6nce tarihe g\u00f6m\u00fcld\u00fc\u011f\u00fcne dikkat \u00e7eken yetkili kaynak; s\u00f6z konusu devletlerin beyanlar\u0131nda bu d\u00fc\u015f\u00fcncelere yer vermelerinin onlar\u0131n ger\u00e7eklerden, ya\u015fanan geli\u015fmeler ve durumlardan ne derecede uzak sa\u011f\u0131r ve k\u00f6r ya\u015fad\u0131klar\u0131n\u0131 ortaya koydu\u011funa vurgu yapt\u0131.<\/p>\n<p>Yetkili kaynak \u0130srail i\u015fgali alt\u0131ndaki Golan\u2019\u0131n Suriyeli oldu\u011funu ve Suriyeli kalaca\u011f\u0131n\u0131n alt\u0131n\u0131 \u00e7izerken, bu ger\u00e7e\u011fin hi\u00e7 kimse taraf\u0131ndan de\u011fi\u015ftirilemeyece\u011fini belirtti. Suriye&#8217;nin gasp edilen t\u00fcm topraklar\u0131n\u0131 \u0130srail\u2019den ve edat olarak kullan\u0131lan ter\u00f6ristlerden kesinlikle kurtarma azim ve kararl\u0131l\u0131\u011f\u0131nda oldu\u011funun alt\u0131n\u0131 \u00e7izen yetkili kaynak; bu ba\u011flamda m\u00fcmk\u00fcn olan t\u00fcm vesilelerin me\u015fru bir hak oldu\u011funu kaydetti.<\/p>\n<p>Yetkili kaynak Suriye&#8217;nin gasp edilen topraklar\u0131n\u0131 kurtarma ve me\u015fru haklar\u0131n\u0131 savunmak i\u00e7in bu ya da daha ba\u015fka hi\u00e7bir toplant\u0131 ya da zirveden destek beklemedi\u011fini ifade etti.<\/p>\n","protected":false},"excerpt":{"rendered":"<p>\u015eAM \u2013 D\u0131\u015fi\u015fleri ve Gurbet\u00e7iler Bakanl\u0131\u011f\u0131 Suudi Arabistan\u2019\u0131n Mekke Kentinde d\u00fczenlenen \u0130slam Zirvesi bitiminde ilan edilen beyan\u0131n, zirveye kat\u0131lan devletlerin liderlerinin Bat\u0131ya aleni ve devam eden tabiliklerini yans\u0131tmaktan ba\u015fka bir \u015fey ifade etmedi\u011fini belirtti. D\u0131\u015fi\u015fleri ve Gurbet\u00e7iler Bakanl\u0131\u011f\u0131nda yetkili bir kaynak SANA\u2019ya yapt\u0131\u011f\u0131 a\u00e7\u0131klamada; Mekke\u2019de yap\u0131lan \u0130slam Zirvesinin \u0130slam \u00fclkelerinde radikallik, a\u015f\u0131r\u0131l\u0131k, \u015fiddet, gericilik ve &hellip;<\/p>\n","protected":false},"author":1,"featured_media":183922,"comment_status":"closed","ping_status":"closed","sticky":false,"template":"","format":"standard","meta":{"footnotes":""},"categories":[479,17988,478],"tags":[],"class_list":["post-183921","post","type-post","status-publish","format-standard","has-post-thumbnail","","category-haberler-yerel","category-son-haberler","category-yerel"],"_links":{"self":[{"href":"https:\/\/archive.sana.sy\/tr\/index.php?rest_route=\/wp\/v2\/posts\/183921","targetHints":{"allow":["GET"]}}],"collection":[{"href":"https:\/\/archive.sana.sy\/tr\/index.php?rest_route=\/wp\/v2\/posts"}],"about":[{"href":"https:\/\/archive.sana.sy\/tr\/index.php?rest_route=\/wp\/v2\/types\/post"}],"author":[{"embeddable":true,"href":"https:\/\/archive.sana.sy\/tr\/index.php?rest_route=\/wp\/v2\/users\/1"}],"replies":[{"embeddable":true,"href":"https:\/\/archive.sana.sy\/tr\/index.php?rest_route=%2Fwp%2Fv2%2Fcomments&post=183921"}],"version-history":[{"count":0,"href":"https:\/\/archive.sana.sy\/tr\/index.php?rest_route=\/wp\/v2\/posts\/183921\/revisions"}],"wp:featuredmedia":[{"embeddable":true,"href":"https:\/\/archive.sana.sy\/tr\/index.php?rest_route=\/wp\/v2\/media\/183922"}],"wp:attachment":[{"href":"https:\/\/archive.sana.sy\/tr\/index.php?rest_route=%2Fwp%2Fv2%2Fmedia&parent=183921"}],"wp:term":[{"taxonomy":"category","embeddable":true,"href":"https:\/\/archive.sana.sy\/tr\/index.php?rest_route=%2Fwp%2Fv2%2Fcategories&post=183921"},{"taxonomy":"post_tag","embeddable":true,"href":"https:\/\/archive.sana.sy\/tr\/index.php?rest_route=%2Fwp%2Fv2%2Ftags&post=183921"}],"curies":[{"name":"wp","href":"https:\/\/api.w.org\/{rel}","templated":true}]}}