{"id":183924,"date":"2019-06-02T14:05:46","date_gmt":"2019-06-02T11:05:46","guid":{"rendered":"http:\/\/www.sana.sy\/tr\/?p=183924"},"modified":"2019-06-03T14:49:53","modified_gmt":"2019-06-03T11:49:53","slug":"m-o-dorduncu-yuzyilda-insa-edilen-kale-onariliyor","status":"publish","type":"post","link":"https:\/\/archive.sana.sy\/tr\/?p=183924","title":{"rendered":"M.\u00d6. D\u00f6rd\u00fcnc\u00fc Y\u00fczy\u0131lda \u0130n\u015fa Edilen Kale Onar\u0131l\u0131yor"},"content":{"rendered":"<p>HAMA \u2013 Hama k\u0131rsal\u0131n\u0131n kuzeybat\u0131s\u0131nda d\u0131\u015f g\u00fc\u00e7lere tabi ter\u00f6ristler taraf\u0131ndan sabote edilen \u015eeyzar Kalesini onarma \u00e7al\u0131\u015fmalar\u0131n\u0131n ilk s\u00fcreci tamamlan\u0131yor.<\/p>\n<p>Hama \u0130l Arkeoloji M\u00fcd\u00fcr\u00fc Abd\u00fclkadir Ferzat Hama Kentinden 24 km uzakl\u0131kta yer alan kalede haftalard\u0131r devam eden onar\u0131m \u00e7al\u0131\u015fmalar\u0131nda kalenin ana cephesinin yan\u0131 s\u0131ra giri\u015fine uzanan 80 metreden daha uzun k\u00f6pr\u00fcn\u00fcn onar\u0131m\u0131 yap\u0131ld\u0131\u011f\u0131n\u0131 a\u00e7\u0131klad\u0131. Ferzat ayn\u0131 zamanda kalenin i\u00e7indeki y\u0131k\u0131m ve \u00e7ukurlara ilaveten bir\u00e7ok kulenin onar\u0131ld\u0131\u011f\u0131n\u0131 ifade ederken; t\u00fcm onar\u0131m \u00e7al\u0131\u015fmalar\u0131nda kalenin arkeolojik ve tarihi yap\u0131s\u0131n\u0131n korunmas\u0131na b\u00fcy\u00fck bir \u00f6zen g\u00f6sterildi\u011fini vurgulad\u0131.<\/p>\n<p>M.\u00d6. D\u00f6rd\u00fcnc\u00fc y\u00fczy\u0131lda Asi Nehri civar\u0131ndaki sarp bir kaya \u00fczerinde in\u015fa edilen \u015eeyzar Kalesi; insanl\u0131k medeniyetinde b\u00fcy\u00fck bir tarihi \u00f6neme sahiptir.<\/p>\n","protected":false},"excerpt":{"rendered":"<p>HAMA \u2013 Hama k\u0131rsal\u0131n\u0131n kuzeybat\u0131s\u0131nda d\u0131\u015f g\u00fc\u00e7lere tabi ter\u00f6ristler taraf\u0131ndan sabote edilen \u015eeyzar Kalesini onarma \u00e7al\u0131\u015fmalar\u0131n\u0131n ilk s\u00fcreci tamamlan\u0131yor. Hama \u0130l Arkeoloji M\u00fcd\u00fcr\u00fc Abd\u00fclkadir Ferzat Hama Kentinden 24 km uzakl\u0131kta yer alan kalede haftalard\u0131r devam eden onar\u0131m \u00e7al\u0131\u015fmalar\u0131nda kalenin ana cephesinin yan\u0131 s\u0131ra giri\u015fine uzanan 80 metreden daha uzun k\u00f6pr\u00fcn\u00fcn onar\u0131m\u0131 yap\u0131ld\u0131\u011f\u0131n\u0131 a\u00e7\u0131klad\u0131. Ferzat ayn\u0131 &hellip;<\/p>\n","protected":false},"author":1,"featured_media":183925,"comment_status":"closed","ping_status":"closed","sticky":false,"template":"","format":"standard","meta":{"footnotes":""},"categories":[516,479,511,17988,478],"tags":[],"class_list":["post-183924","post","type-post","status-publish","format-standard","has-post-thumbnail","","category-haberler-kultur-ve-sanat","category-haberler-yerel","category-kultur-ve-sanat","category-son-haberler","category-yerel"],"_links":{"self":[{"href":"https:\/\/archive.sana.sy\/tr\/index.php?rest_route=\/wp\/v2\/posts\/183924","targetHints":{"allow":["GET"]}}],"collection":[{"href":"https:\/\/archive.sana.sy\/tr\/index.php?rest_route=\/wp\/v2\/posts"}],"about":[{"href":"https:\/\/archive.sana.sy\/tr\/index.php?rest_route=\/wp\/v2\/types\/post"}],"author":[{"embeddable":true,"href":"https:\/\/archive.sana.sy\/tr\/index.php?rest_route=\/wp\/v2\/users\/1"}],"replies":[{"embeddable":true,"href":"https:\/\/archive.sana.sy\/tr\/index.php?rest_route=%2Fwp%2Fv2%2Fcomments&post=183924"}],"version-history":[{"count":0,"href":"https:\/\/archive.sana.sy\/tr\/index.php?rest_route=\/wp\/v2\/posts\/183924\/revisions"}],"wp:featuredmedia":[{"embeddable":true,"href":"https:\/\/archive.sana.sy\/tr\/index.php?rest_route=\/wp\/v2\/media\/183925"}],"wp:attachment":[{"href":"https:\/\/archive.sana.sy\/tr\/index.php?rest_route=%2Fwp%2Fv2%2Fmedia&parent=183924"}],"wp:term":[{"taxonomy":"category","embeddable":true,"href":"https:\/\/archive.sana.sy\/tr\/index.php?rest_route=%2Fwp%2Fv2%2Fcategories&post=183924"},{"taxonomy":"post_tag","embeddable":true,"href":"https:\/\/archive.sana.sy\/tr\/index.php?rest_route=%2Fwp%2Fv2%2Ftags&post=183924"}],"curies":[{"name":"wp","href":"https:\/\/api.w.org\/{rel}","templated":true}]}}