{"id":184054,"date":"2019-06-04T11:00:53","date_gmt":"2019-06-04T08:00:53","guid":{"rendered":"http:\/\/www.sana.sy\/tr\/?p=184054"},"modified":"2019-06-05T12:20:36","modified_gmt":"2019-06-05T09:20:36","slug":"terore-karsi-operasyonlar-surduruluyor-2","status":"publish","type":"post","link":"https:\/\/archive.sana.sy\/tr\/?p=184054","title":{"rendered":"Ter\u00f6re Kar\u015f\u0131 Operasyonlar S\u00fcrd\u00fcr\u00fcl\u00fcyor"},"content":{"rendered":"<p>HAMA \u2013 \u0130dlib ve Hama k\u0131rsallar\u0131nda gerginli\u011fi azaltma anla\u015fmas\u0131na ter\u00f6r gruplar\u0131n\u0131n devaml\u0131 ihlallerine kar\u015f\u0131 koyma operasyonlar s\u00fcrd\u00fcr\u00fcl\u00fcyor.<\/p>\n<p>SANA\u2019n\u0131n Hama muhabiri; ordu birliklerimizin Hama k\u0131rsal\u0131n\u0131n kuzeybat\u0131s\u0131nda yer alan Sihab ve Koret beldelerindeki Nusra Cephesine ait f\u00fcze bataryalar\u0131n\u0131 nitelikli ate\u015fe tutup etkisiz hale getirdiklerini belirtti.<\/p>\n<p>Muhabir ayr\u0131ca; ordu birliklerimizin Hama k\u0131rsal\u0131n\u0131n kuzeyinde yer alan Kirata ve Himeyrat k\u00f6ylerinin civar\u0131ndaki Nusra Cephesi ter\u00f6r \u00f6rg\u00fct\u00fcne tabi ter\u00f6r gruplar\u0131n\u0131n hareketlerini hedef al\u0131p sald\u0131r\u0131 giri\u015fimlerini \u00e7\u00f6kerttiklerini belirtti.<\/p>\n<p>\u00c7eviri: P.M.<\/p>\n","protected":false},"excerpt":{"rendered":"<p>HAMA \u2013 \u0130dlib ve Hama k\u0131rsallar\u0131nda gerginli\u011fi azaltma anla\u015fmas\u0131na ter\u00f6r gruplar\u0131n\u0131n devaml\u0131 ihlallerine kar\u015f\u0131 koyma operasyonlar s\u00fcrd\u00fcr\u00fcl\u00fcyor. SANA\u2019n\u0131n Hama muhabiri; ordu birliklerimizin Hama k\u0131rsal\u0131n\u0131n kuzeybat\u0131s\u0131nda yer alan Sihab ve Koret beldelerindeki Nusra Cephesine ait f\u00fcze bataryalar\u0131n\u0131 nitelikli ate\u015fe tutup etkisiz hale getirdiklerini belirtti. Muhabir ayr\u0131ca; ordu birliklerimizin Hama k\u0131rsal\u0131n\u0131n kuzeyinde yer alan Kirata ve Himeyrat &hellip;<\/p>\n","protected":false},"author":1,"featured_media":184055,"comment_status":"closed","ping_status":"closed","sticky":false,"template":"","format":"standard","meta":{"footnotes":""},"categories":[479,17988,478],"tags":[],"class_list":["post-184054","post","type-post","status-publish","format-standard","has-post-thumbnail","","category-haberler-yerel","category-son-haberler","category-yerel"],"_links":{"self":[{"href":"https:\/\/archive.sana.sy\/tr\/index.php?rest_route=\/wp\/v2\/posts\/184054","targetHints":{"allow":["GET"]}}],"collection":[{"href":"https:\/\/archive.sana.sy\/tr\/index.php?rest_route=\/wp\/v2\/posts"}],"about":[{"href":"https:\/\/archive.sana.sy\/tr\/index.php?rest_route=\/wp\/v2\/types\/post"}],"author":[{"embeddable":true,"href":"https:\/\/archive.sana.sy\/tr\/index.php?rest_route=\/wp\/v2\/users\/1"}],"replies":[{"embeddable":true,"href":"https:\/\/archive.sana.sy\/tr\/index.php?rest_route=%2Fwp%2Fv2%2Fcomments&post=184054"}],"version-history":[{"count":0,"href":"https:\/\/archive.sana.sy\/tr\/index.php?rest_route=\/wp\/v2\/posts\/184054\/revisions"}],"wp:featuredmedia":[{"embeddable":true,"href":"https:\/\/archive.sana.sy\/tr\/index.php?rest_route=\/wp\/v2\/media\/184055"}],"wp:attachment":[{"href":"https:\/\/archive.sana.sy\/tr\/index.php?rest_route=%2Fwp%2Fv2%2Fmedia&parent=184054"}],"wp:term":[{"taxonomy":"category","embeddable":true,"href":"https:\/\/archive.sana.sy\/tr\/index.php?rest_route=%2Fwp%2Fv2%2Fcategories&post=184054"},{"taxonomy":"post_tag","embeddable":true,"href":"https:\/\/archive.sana.sy\/tr\/index.php?rest_route=%2Fwp%2Fv2%2Ftags&post=184054"}],"curies":[{"name":"wp","href":"https:\/\/api.w.org\/{rel}","templated":true}]}}