{"id":184227,"date":"2019-06-06T15:11:12","date_gmt":"2019-06-06T12:11:12","guid":{"rendered":"http:\/\/www.sana.sy\/tr\/?p=184227"},"modified":"2019-06-08T15:28:21","modified_gmt":"2019-06-08T12:28:21","slug":"teror-gruplarina-karsi-yogun-operasyonlar-surduruluyor","status":"publish","type":"post","link":"https:\/\/archive.sana.sy\/tr\/?p=184227","title":{"rendered":"Ter\u00f6r Gruplar\u0131na Kar\u015f\u0131 Yo\u011fun Operasyonlar S\u00fcrd\u00fcr\u00fcl\u00fcyor"},"content":{"rendered":"<p>\u0130DL\u0130B\/HAMA \u2013 Ordu birliklerimiz Hama k\u0131rsal\u0131n\u0131n kuzeyinde ve \u0130dlib k\u0131rsal\u0131n\u0131n g\u00fcneyinde gerginli\u011fi azaltma anla\u015fmas\u0131na ter\u00f6r gruplar\u0131n\u0131n ihlallerine ve g\u00fcvenli b\u00f6lgelerdeki sivillere kar\u015f\u0131 devaml\u0131 sald\u0131r\u0131lar\u0131na kar\u015f\u0131 koyma operasyonlar\u0131na devam ediyor.<\/p>\n<p>SANA\u2019n\u0131n Hama muhabiri; ordu birliklerimizin \u0130dlib k\u0131rsal\u0131n\u0131n g\u00fcneyinde yer alan Maartahme Beldesindeki Nusra Cephesi ve m\u00fcttefik ter\u00f6r gruplar\u0131na ait yuvalar\u0131 nitelikli silahlarla hedef al\u0131p muhtevalar\u0131yla birlikte imha ettiklerini belirtti.<\/p>\n<p>Muhabir; Hama k\u0131rsal\u0131n\u0131n kuzeyinde ise ordu birliklerimizin Latamina Beldesinde Nusrac\u0131 ter\u00f6r gruplar\u0131n\u0131n toplanma noktalar\u0131n\u0131 uygun silahlarla hedef al\u0131p ter\u00f6ristleri a\u011f\u0131r kay\u0131plara u\u011fratt\u0131klar\u0131n\u0131 belirtti.<\/p>\n<p>\u00c7eviri:P.M.<\/p>\n","protected":false},"excerpt":{"rendered":"<p>\u0130DL\u0130B\/HAMA \u2013 Ordu birliklerimiz Hama k\u0131rsal\u0131n\u0131n kuzeyinde ve \u0130dlib k\u0131rsal\u0131n\u0131n g\u00fcneyinde gerginli\u011fi azaltma anla\u015fmas\u0131na ter\u00f6r gruplar\u0131n\u0131n ihlallerine ve g\u00fcvenli b\u00f6lgelerdeki sivillere kar\u015f\u0131 devaml\u0131 sald\u0131r\u0131lar\u0131na kar\u015f\u0131 koyma operasyonlar\u0131na devam ediyor. SANA\u2019n\u0131n Hama muhabiri; ordu birliklerimizin \u0130dlib k\u0131rsal\u0131n\u0131n g\u00fcneyinde yer alan Maartahme Beldesindeki Nusra Cephesi ve m\u00fcttefik ter\u00f6r gruplar\u0131na ait yuvalar\u0131 nitelikli silahlarla hedef al\u0131p muhtevalar\u0131yla birlikte &hellip;<\/p>\n","protected":false},"author":1,"featured_media":184229,"comment_status":"closed","ping_status":"closed","sticky":false,"template":"","format":"standard","meta":{"footnotes":""},"categories":[479,575,478],"tags":[],"class_list":["post-184227","post","type-post","status-publish","format-standard","has-post-thumbnail","","category-haberler-yerel","category-olaylar-ve-gercekler","category-yerel"],"_links":{"self":[{"href":"https:\/\/archive.sana.sy\/tr\/index.php?rest_route=\/wp\/v2\/posts\/184227","targetHints":{"allow":["GET"]}}],"collection":[{"href":"https:\/\/archive.sana.sy\/tr\/index.php?rest_route=\/wp\/v2\/posts"}],"about":[{"href":"https:\/\/archive.sana.sy\/tr\/index.php?rest_route=\/wp\/v2\/types\/post"}],"author":[{"embeddable":true,"href":"https:\/\/archive.sana.sy\/tr\/index.php?rest_route=\/wp\/v2\/users\/1"}],"replies":[{"embeddable":true,"href":"https:\/\/archive.sana.sy\/tr\/index.php?rest_route=%2Fwp%2Fv2%2Fcomments&post=184227"}],"version-history":[{"count":0,"href":"https:\/\/archive.sana.sy\/tr\/index.php?rest_route=\/wp\/v2\/posts\/184227\/revisions"}],"wp:featuredmedia":[{"embeddable":true,"href":"https:\/\/archive.sana.sy\/tr\/index.php?rest_route=\/wp\/v2\/media\/184229"}],"wp:attachment":[{"href":"https:\/\/archive.sana.sy\/tr\/index.php?rest_route=%2Fwp%2Fv2%2Fmedia&parent=184227"}],"wp:term":[{"taxonomy":"category","embeddable":true,"href":"https:\/\/archive.sana.sy\/tr\/index.php?rest_route=%2Fwp%2Fv2%2Fcategories&post=184227"},{"taxonomy":"post_tag","embeddable":true,"href":"https:\/\/archive.sana.sy\/tr\/index.php?rest_route=%2Fwp%2Fv2%2Ftags&post=184227"}],"curies":[{"name":"wp","href":"https:\/\/api.w.org\/{rel}","templated":true}]}}