{"id":184276,"date":"2019-06-06T23:10:01","date_gmt":"2019-06-06T20:10:01","guid":{"rendered":"http:\/\/www.sana.sy\/tr\/?p=184276"},"modified":"2019-06-08T15:27:06","modified_gmt":"2019-06-08T12:27:06","slug":"suriye-futbol-takimi-dostluk-macinda-iran-onunde-agir-yenilgiye-ugradi","status":"publish","type":"post","link":"https:\/\/archive.sana.sy\/tr\/?p=184276","title":{"rendered":"Suriye Futbol Tak\u0131m\u0131 Dostluk Ma\u00e7\u0131nda \u0130ran \u00d6n\u00fcnde A\u011f\u0131r Yenilgiye U\u011frad\u0131"},"content":{"rendered":"<p>TAHRAN \u2013 Suriye A Milli Futbol Tak\u0131m\u0131 d\u00fcn ak\u015fam ba\u015fkent Tahran&#8217;da Azadi Stad\u0131nda, Katar&#8217;da d\u00fczenlenecek 2022 D\u00fcnya Kupas\u0131 ve \u00c7in&#8217;de d\u00fczenlenecek olan 2023 Asya \u00dclkeleri Kupas\u0131 ortak elemeleri haz\u0131rl\u0131k ma\u00e7lar\u0131 \u00e7er\u00e7evesinde, \u0130ran ile oynad\u0131\u011f\u0131 dostluk ma\u00e7\u0131n\u0131 5-0 kaybetti.<\/p>\n<p>Kar\u015f\u0131la\u015fman\u0131n gollerini, A. Jahanbakhsh, Mehdi Taremi 3 ve A. Sayyad 30,37,57,77 ve 89. dakikalarda kaydetti.<br \/>\nA millilerimiz ikinci dostluk ma\u00e7\u0131nda 11 Haziran&#8217;da \u00d6zbekistan ile kar\u015f\u0131 kar\u015f\u0131ya gelecek.<\/p>\n<p>\u00c7eviri: S.\u015eahut<\/p>\n","protected":false},"excerpt":{"rendered":"<p>TAHRAN \u2013 Suriye A Milli Futbol Tak\u0131m\u0131 d\u00fcn ak\u015fam ba\u015fkent Tahran&#8217;da Azadi Stad\u0131nda, Katar&#8217;da d\u00fczenlenecek 2022 D\u00fcnya Kupas\u0131 ve \u00c7in&#8217;de d\u00fczenlenecek olan 2023 Asya \u00dclkeleri Kupas\u0131 ortak elemeleri haz\u0131rl\u0131k ma\u00e7lar\u0131 \u00e7er\u00e7evesinde, \u0130ran ile oynad\u0131\u011f\u0131 dostluk ma\u00e7\u0131n\u0131 5-0 kaybetti. Kar\u015f\u0131la\u015fman\u0131n gollerini, A. Jahanbakhsh, Mehdi Taremi 3 ve A. Sayyad 30,37,57,77 ve 89. dakikalarda kaydetti. A millilerimiz &hellip;<\/p>\n","protected":false},"author":1,"featured_media":184277,"comment_status":"closed","ping_status":"closed","sticky":false,"template":"","format":"standard","meta":{"footnotes":""},"categories":[498,17988,496],"tags":[],"class_list":["post-184276","post","type-post","status-publish","format-standard","has-post-thumbnail","","category-dunya-turnuvalari","category-son-haberler","category-spor"],"_links":{"self":[{"href":"https:\/\/archive.sana.sy\/tr\/index.php?rest_route=\/wp\/v2\/posts\/184276","targetHints":{"allow":["GET"]}}],"collection":[{"href":"https:\/\/archive.sana.sy\/tr\/index.php?rest_route=\/wp\/v2\/posts"}],"about":[{"href":"https:\/\/archive.sana.sy\/tr\/index.php?rest_route=\/wp\/v2\/types\/post"}],"author":[{"embeddable":true,"href":"https:\/\/archive.sana.sy\/tr\/index.php?rest_route=\/wp\/v2\/users\/1"}],"replies":[{"embeddable":true,"href":"https:\/\/archive.sana.sy\/tr\/index.php?rest_route=%2Fwp%2Fv2%2Fcomments&post=184276"}],"version-history":[{"count":0,"href":"https:\/\/archive.sana.sy\/tr\/index.php?rest_route=\/wp\/v2\/posts\/184276\/revisions"}],"wp:featuredmedia":[{"embeddable":true,"href":"https:\/\/archive.sana.sy\/tr\/index.php?rest_route=\/wp\/v2\/media\/184277"}],"wp:attachment":[{"href":"https:\/\/archive.sana.sy\/tr\/index.php?rest_route=%2Fwp%2Fv2%2Fmedia&parent=184276"}],"wp:term":[{"taxonomy":"category","embeddable":true,"href":"https:\/\/archive.sana.sy\/tr\/index.php?rest_route=%2Fwp%2Fv2%2Fcategories&post=184276"},{"taxonomy":"post_tag","embeddable":true,"href":"https:\/\/archive.sana.sy\/tr\/index.php?rest_route=%2Fwp%2Fv2%2Ftags&post=184276"}],"curies":[{"name":"wp","href":"https:\/\/api.w.org\/{rel}","templated":true}]}}