{"id":184320,"date":"2019-06-08T12:00:15","date_gmt":"2019-06-08T09:00:15","guid":{"rendered":"http:\/\/www.sana.sy\/tr\/?p=184320"},"modified":"2019-06-09T14:05:03","modified_gmt":"2019-06-09T11:05:03","slug":"ozbek-takimi-ile-dostluk-macina-hazirlaniyor","status":"publish","type":"post","link":"https:\/\/archive.sana.sy\/tr\/?p=184320","title":{"rendered":"\u00d6zbek Tak\u0131m\u0131 ile Dostluk Ma\u00e7\u0131na Haz\u0131rlan\u0131yor"},"content":{"rendered":"<p>TA\u015eKENT \u2013 Suriye milli futbol tak\u0131m\u0131 2022\u2019de Katar\u2019da oynanacak d\u00fcnya kupas\u0131 ve 2023\u2019te \u00c7in\u2019de oynanacak Asya Finallerine haz\u0131rl\u0131klar\u0131 kapsam\u0131nda ba\u015fkent Ta\u015fkent\u2019te \u00d6zbekistan tak\u0131m\u0131 ile Sal\u0131 g\u00fcn\u00fc oynayaca\u011f\u0131 dostluk ma\u00e7\u0131n\u0131n haz\u0131rl\u0131klar\u0131na ba\u015flad\u0131.<\/p>\n<p>Milli futbol tak\u0131m\u0131 Fecir \u0130brahim\u2019in teknik direkt\u00f6rl\u00fc\u011f\u00fcnde haz\u0131rl\u0131klar\u0131n\u0131 yaparken, Futbol Federasyonu \u00fcnl\u00fc forvet oyuncusu \u00d6mer el Suma\u2019n\u0131n ailevi nedenlerden dolay\u0131 ma\u00e7a kat\u0131lmayaca\u011f\u0131n\u0131 a\u00e7\u0131klad\u0131.<\/p>\n<p>Milli futbol tak\u0131m\u0131m\u0131z iki g\u00fcn \u00f6nce Tahran\u2019da \u0130ran tak\u0131m\u0131 ile oynad\u0131\u011f\u0131 dostluk ma\u00e7\u0131nda 5-0 ma\u011flup olmu\u015ftu.<\/p>\n","protected":false},"excerpt":{"rendered":"<p>TA\u015eKENT \u2013 Suriye milli futbol tak\u0131m\u0131 2022\u2019de Katar\u2019da oynanacak d\u00fcnya kupas\u0131 ve 2023\u2019te \u00c7in\u2019de oynanacak Asya Finallerine haz\u0131rl\u0131klar\u0131 kapsam\u0131nda ba\u015fkent Ta\u015fkent\u2019te \u00d6zbekistan tak\u0131m\u0131 ile Sal\u0131 g\u00fcn\u00fc oynayaca\u011f\u0131 dostluk ma\u00e7\u0131n\u0131n haz\u0131rl\u0131klar\u0131na ba\u015flad\u0131. Milli futbol tak\u0131m\u0131 Fecir \u0130brahim\u2019in teknik direkt\u00f6rl\u00fc\u011f\u00fcnde haz\u0131rl\u0131klar\u0131n\u0131 yaparken, Futbol Federasyonu \u00fcnl\u00fc forvet oyuncusu \u00d6mer el Suma\u2019n\u0131n ailevi nedenlerden dolay\u0131 ma\u00e7a kat\u0131lmayaca\u011f\u0131n\u0131 a\u00e7\u0131klad\u0131. Milli &hellip;<\/p>\n","protected":false},"author":1,"featured_media":184321,"comment_status":"closed","ping_status":"closed","sticky":false,"template":"","format":"standard","meta":{"footnotes":""},"categories":[498,17988,496],"tags":[],"class_list":["post-184320","post","type-post","status-publish","format-standard","has-post-thumbnail","","category-dunya-turnuvalari","category-son-haberler","category-spor"],"_links":{"self":[{"href":"https:\/\/archive.sana.sy\/tr\/index.php?rest_route=\/wp\/v2\/posts\/184320","targetHints":{"allow":["GET"]}}],"collection":[{"href":"https:\/\/archive.sana.sy\/tr\/index.php?rest_route=\/wp\/v2\/posts"}],"about":[{"href":"https:\/\/archive.sana.sy\/tr\/index.php?rest_route=\/wp\/v2\/types\/post"}],"author":[{"embeddable":true,"href":"https:\/\/archive.sana.sy\/tr\/index.php?rest_route=\/wp\/v2\/users\/1"}],"replies":[{"embeddable":true,"href":"https:\/\/archive.sana.sy\/tr\/index.php?rest_route=%2Fwp%2Fv2%2Fcomments&post=184320"}],"version-history":[{"count":0,"href":"https:\/\/archive.sana.sy\/tr\/index.php?rest_route=\/wp\/v2\/posts\/184320\/revisions"}],"wp:featuredmedia":[{"embeddable":true,"href":"https:\/\/archive.sana.sy\/tr\/index.php?rest_route=\/wp\/v2\/media\/184321"}],"wp:attachment":[{"href":"https:\/\/archive.sana.sy\/tr\/index.php?rest_route=%2Fwp%2Fv2%2Fmedia&parent=184320"}],"wp:term":[{"taxonomy":"category","embeddable":true,"href":"https:\/\/archive.sana.sy\/tr\/index.php?rest_route=%2Fwp%2Fv2%2Fcategories&post=184320"},{"taxonomy":"post_tag","embeddable":true,"href":"https:\/\/archive.sana.sy\/tr\/index.php?rest_route=%2Fwp%2Fv2%2Ftags&post=184320"}],"curies":[{"name":"wp","href":"https:\/\/api.w.org\/{rel}","templated":true}]}}