{"id":184338,"date":"2019-06-09T14:43:43","date_gmt":"2019-06-09T11:43:43","guid":{"rendered":"http:\/\/www.sana.sy\/tr\/?p=184338"},"modified":"2019-06-10T14:44:42","modified_gmt":"2019-06-10T11:44:42","slug":"halepten-getirilen-ogrencilere-tum-hizmetler-ucretsiz-saglanacak","status":"publish","type":"post","link":"https:\/\/archive.sana.sy\/tr\/?p=184338","title":{"rendered":"Halep&#8217;ten Getirilen \u00d6\u011frencilere T\u00fcm Hizmetler \u00dccretsiz Sa\u011flanacak"},"content":{"rendered":"<p>\u015eAM \u2013 2018-2019 e\u011fitim \u00f6\u011fretim y\u0131l\u0131 \u00fcniversiteye giri\u015f s\u0131navlar\u0131 bug\u00fcn ba\u015flamas\u0131yla 30 haziran tarihine dek devam edecek bu s\u0131navlarda \u00f6\u011frenciler s\u0131nav teri d\u00f6kecek.<\/p>\n<p>E\u011fitim Bakanl\u0131\u011f\u0131 fen, edebiyat, meslek ve ilahiyat alanlar\u0131nda yakla\u015f\u0131k 20 g\u00fcn boyunca s\u00fcrecek s\u0131navlar\u0131n ba\u015far\u0131l\u0131 ve uygun \u015fekilde yap\u0131lmalar\u0131 i\u00e7in gerekli t\u00fcm haz\u0131rl\u0131klar\u0131n yap\u0131ld\u0131\u011f\u0131n\u0131 belirtti. Bakanl\u0131k yay\u0131nlad\u0131\u011f\u0131 beyanda Suriye genelinde 2066 s\u0131nav merkezinin bulundu\u011funa dikkat \u00e7ekerken; \u0130dlib ve Rakka \u00f6\u011frencileri i\u00e7in Hama Kentinde s\u0131nav merkezlerinin temin edildi\u011fini a\u00e7\u0131klad\u0131. Bakanl\u0131k s\u0131navlar i\u00e7in Halep\u2019ten getirilen \u00f6\u011frencilere gerekli ikamet, yemek ve ula\u015f\u0131m\u0131n \u00fccretsiz olarak temin edildi\u011fine dikkat \u00e7ekti.<\/p>\n<p>Bu y\u0131l s\u0131navlara 240 bin kadar \u00f6\u011frenci kat\u0131ld\u0131\u011f\u0131n\u0131 ifade eden bakanl\u0131k, ge\u00e7en y\u0131la nazaran yakla\u015f\u0131k 43 bin art\u0131\u015f kaydedildi\u011fine dikkat \u00e7ekti.<\/p>\n","protected":false},"excerpt":{"rendered":"<p>\u015eAM \u2013 2018-2019 e\u011fitim \u00f6\u011fretim y\u0131l\u0131 \u00fcniversiteye giri\u015f s\u0131navlar\u0131 bug\u00fcn ba\u015flamas\u0131yla 30 haziran tarihine dek devam edecek bu s\u0131navlarda \u00f6\u011frenciler s\u0131nav teri d\u00f6kecek. E\u011fitim Bakanl\u0131\u011f\u0131 fen, edebiyat, meslek ve ilahiyat alanlar\u0131nda yakla\u015f\u0131k 20 g\u00fcn boyunca s\u00fcrecek s\u0131navlar\u0131n ba\u015far\u0131l\u0131 ve uygun \u015fekilde yap\u0131lmalar\u0131 i\u00e7in gerekli t\u00fcm haz\u0131rl\u0131klar\u0131n yap\u0131ld\u0131\u011f\u0131n\u0131 belirtti. Bakanl\u0131k yay\u0131nlad\u0131\u011f\u0131 beyanda Suriye genelinde 2066 s\u0131nav &hellip;<\/p>\n","protected":false},"author":1,"featured_media":184339,"comment_status":"closed","ping_status":"closed","sticky":false,"template":"","format":"standard","meta":{"footnotes":""},"categories":[479,17988,478],"tags":[],"class_list":["post-184338","post","type-post","status-publish","format-standard","has-post-thumbnail","","category-haberler-yerel","category-son-haberler","category-yerel"],"_links":{"self":[{"href":"https:\/\/archive.sana.sy\/tr\/index.php?rest_route=\/wp\/v2\/posts\/184338","targetHints":{"allow":["GET"]}}],"collection":[{"href":"https:\/\/archive.sana.sy\/tr\/index.php?rest_route=\/wp\/v2\/posts"}],"about":[{"href":"https:\/\/archive.sana.sy\/tr\/index.php?rest_route=\/wp\/v2\/types\/post"}],"author":[{"embeddable":true,"href":"https:\/\/archive.sana.sy\/tr\/index.php?rest_route=\/wp\/v2\/users\/1"}],"replies":[{"embeddable":true,"href":"https:\/\/archive.sana.sy\/tr\/index.php?rest_route=%2Fwp%2Fv2%2Fcomments&post=184338"}],"version-history":[{"count":0,"href":"https:\/\/archive.sana.sy\/tr\/index.php?rest_route=\/wp\/v2\/posts\/184338\/revisions"}],"wp:featuredmedia":[{"embeddable":true,"href":"https:\/\/archive.sana.sy\/tr\/index.php?rest_route=\/wp\/v2\/media\/184339"}],"wp:attachment":[{"href":"https:\/\/archive.sana.sy\/tr\/index.php?rest_route=%2Fwp%2Fv2%2Fmedia&parent=184338"}],"wp:term":[{"taxonomy":"category","embeddable":true,"href":"https:\/\/archive.sana.sy\/tr\/index.php?rest_route=%2Fwp%2Fv2%2Fcategories&post=184338"},{"taxonomy":"post_tag","embeddable":true,"href":"https:\/\/archive.sana.sy\/tr\/index.php?rest_route=%2Fwp%2Fv2%2Ftags&post=184338"}],"curies":[{"name":"wp","href":"https:\/\/api.w.org\/{rel}","templated":true}]}}