{"id":184341,"date":"2019-06-09T16:15:54","date_gmt":"2019-06-09T13:15:54","guid":{"rendered":"http:\/\/www.sana.sy\/tr\/?p=184341"},"modified":"2019-06-10T14:44:39","modified_gmt":"2019-06-10T11:44:39","slug":"meclis-hammudayi-bir-kez-daha-baskani-secti","status":"publish","type":"post","link":"https:\/\/archive.sana.sy\/tr\/?p=184341","title":{"rendered":"Meclis Hammuda\u2019y\u0131 Bir Kez Daha Ba\u015fkan\u0131 Se\u00e7ti"},"content":{"rendered":"<p>\u015eAM \u2013 Halk Meclisi bug\u00fcn ikinci yasama d\u00f6neminin onuncu ola\u011fan devresinin 11. Toplant\u0131s\u0131nda i\u00e7 t\u00fcz\u00fc\u011f\u00fc kapsam\u0131nda meclis ofisi \u00fcyelerini se\u00e7ti.<\/p>\n<p>Her y\u0131l d\u00fczenlenen periyodik oturumda meclis ofis \u00fcyeleri ve ba\u015fkan\u0131n\u0131 se\u00e7erken; Hammuda Sabba\u011f\u2019\u0131 bir kez daha meclis ba\u015fkanl\u0131\u011f\u0131na se\u00e7ti. B\u00f6ylelikle meclis ofisi ve ba\u015fkan\u0131 Sabba\u011f bir y\u0131ll\u0131k g\u00f6revlerini s\u00fcrd\u00fcrecek.<\/p>\n<p>Oturumda Milletvekili Necdet Anzur da bir kez daha meclis ba\u015fkan yard\u0131mc\u0131s\u0131 olarak se\u00e7ilirken, milletvekilleri Halit Abbud ve Rami Salih meclis sekreterleri olarak se\u00e7ildiler. Milletvekilleri At\u0131f Zeybak ve Sena Ebu Zeyd ise meclis denetmenleri olarak se\u00e7ildiler.<\/p>\n<p>Meclis ofisinin se\u00e7iminden sonra yap\u0131lan konu\u015fmalarda meclisin g\u00f6rev ve misyonunu en iyi \u015fekilde yerine getirmesi i\u00e7in \u00e7aba ve \u00e7al\u0131\u015fmalar\u0131n yo\u011funla\u015ft\u0131r\u0131lmas\u0131 \u00f6nemi belirtildi.<\/p>\n","protected":false},"excerpt":{"rendered":"<p>\u015eAM \u2013 Halk Meclisi bug\u00fcn ikinci yasama d\u00f6neminin onuncu ola\u011fan devresinin 11. Toplant\u0131s\u0131nda i\u00e7 t\u00fcz\u00fc\u011f\u00fc kapsam\u0131nda meclis ofisi \u00fcyelerini se\u00e7ti. Her y\u0131l d\u00fczenlenen periyodik oturumda meclis ofis \u00fcyeleri ve ba\u015fkan\u0131n\u0131 se\u00e7erken; Hammuda Sabba\u011f\u2019\u0131 bir kez daha meclis ba\u015fkanl\u0131\u011f\u0131na se\u00e7ti. B\u00f6ylelikle meclis ofisi ve ba\u015fkan\u0131 Sabba\u011f bir y\u0131ll\u0131k g\u00f6revlerini s\u00fcrd\u00fcrecek. Oturumda Milletvekili Necdet Anzur da bir &hellip;<\/p>\n","protected":false},"author":1,"featured_media":184342,"comment_status":"closed","ping_status":"closed","sticky":false,"template":"","format":"standard","meta":{"footnotes":""},"categories":[479,17988,478],"tags":[],"class_list":["post-184341","post","type-post","status-publish","format-standard","has-post-thumbnail","","category-haberler-yerel","category-son-haberler","category-yerel"],"_links":{"self":[{"href":"https:\/\/archive.sana.sy\/tr\/index.php?rest_route=\/wp\/v2\/posts\/184341","targetHints":{"allow":["GET"]}}],"collection":[{"href":"https:\/\/archive.sana.sy\/tr\/index.php?rest_route=\/wp\/v2\/posts"}],"about":[{"href":"https:\/\/archive.sana.sy\/tr\/index.php?rest_route=\/wp\/v2\/types\/post"}],"author":[{"embeddable":true,"href":"https:\/\/archive.sana.sy\/tr\/index.php?rest_route=\/wp\/v2\/users\/1"}],"replies":[{"embeddable":true,"href":"https:\/\/archive.sana.sy\/tr\/index.php?rest_route=%2Fwp%2Fv2%2Fcomments&post=184341"}],"version-history":[{"count":0,"href":"https:\/\/archive.sana.sy\/tr\/index.php?rest_route=\/wp\/v2\/posts\/184341\/revisions"}],"wp:featuredmedia":[{"embeddable":true,"href":"https:\/\/archive.sana.sy\/tr\/index.php?rest_route=\/wp\/v2\/media\/184342"}],"wp:attachment":[{"href":"https:\/\/archive.sana.sy\/tr\/index.php?rest_route=%2Fwp%2Fv2%2Fmedia&parent=184341"}],"wp:term":[{"taxonomy":"category","embeddable":true,"href":"https:\/\/archive.sana.sy\/tr\/index.php?rest_route=%2Fwp%2Fv2%2Fcategories&post=184341"},{"taxonomy":"post_tag","embeddable":true,"href":"https:\/\/archive.sana.sy\/tr\/index.php?rest_route=%2Fwp%2Fv2%2Ftags&post=184341"}],"curies":[{"name":"wp","href":"https:\/\/api.w.org\/{rel}","templated":true}]}}