{"id":184371,"date":"2019-06-10T13:40:03","date_gmt":"2019-06-10T10:40:03","guid":{"rendered":"http:\/\/www.sana.sy\/tr\/?p=184371"},"modified":"2019-06-10T13:40:08","modified_gmt":"2019-06-10T10:40:08","slug":"rusya-disisleri-bakani-sergey-lavrov-idlibte-bulunan-teroristlerin-dis-guclerin-talimat-ve-kiskirtmalariyla-provokasyon-ve-gerginligi-tirmandirmaya-devam-ettiklerini-belirtti","status":"publish","type":"post","link":"https:\/\/archive.sana.sy\/tr\/?p=184371","title":{"rendered":"Rusya D\u0131\u015fi\u015fleri Bakan\u0131 Sergey Lavrov \u0130dlib\u2019te bulunan ter\u00f6ristlerin d\u0131\u015f g\u00fc\u00e7lerin talimat ve k\u0131\u015fk\u0131rtmalar\u0131yla provokasyon ve gerginli\u011fi t\u0131rmand\u0131rmaya devam ettiklerini belirtti."},"content":{"rendered":"<p>Rusya D\u0131\u015fi\u015fleri Bakan\u0131 Sergey Lavrov \u0130dlib\u2019te bulunan ter\u00f6ristlerin d\u0131\u015f g\u00fc\u00e7lerin talimat ve k\u0131\u015fk\u0131rtmalar\u0131yla provokasyon ve gerginli\u011fi t\u0131rmand\u0131rmaya devam ettiklerini belirtti.<\/p>\n","protected":false},"excerpt":{"rendered":"<p>Rusya D\u0131\u015fi\u015fleri Bakan\u0131 Sergey Lavrov \u0130dlib\u2019te bulunan ter\u00f6ristlerin d\u0131\u015f g\u00fc\u00e7lerin talimat ve k\u0131\u015fk\u0131rtmalar\u0131yla provokasyon ve gerginli\u011fi t\u0131rmand\u0131rmaya devam ettiklerini belirtti.<\/p>\n","protected":false},"author":1,"featured_media":0,"comment_status":"closed","ping_status":"closed","sticky":false,"template":"","format":"standard","meta":{"footnotes":""},"categories":[17991],"tags":[],"class_list":["post-184371","post","type-post","status-publish","format-standard","","category-son-dakika"],"_links":{"self":[{"href":"https:\/\/archive.sana.sy\/tr\/index.php?rest_route=\/wp\/v2\/posts\/184371","targetHints":{"allow":["GET"]}}],"collection":[{"href":"https:\/\/archive.sana.sy\/tr\/index.php?rest_route=\/wp\/v2\/posts"}],"about":[{"href":"https:\/\/archive.sana.sy\/tr\/index.php?rest_route=\/wp\/v2\/types\/post"}],"author":[{"embeddable":true,"href":"https:\/\/archive.sana.sy\/tr\/index.php?rest_route=\/wp\/v2\/users\/1"}],"replies":[{"embeddable":true,"href":"https:\/\/archive.sana.sy\/tr\/index.php?rest_route=%2Fwp%2Fv2%2Fcomments&post=184371"}],"version-history":[{"count":0,"href":"https:\/\/archive.sana.sy\/tr\/index.php?rest_route=\/wp\/v2\/posts\/184371\/revisions"}],"wp:attachment":[{"href":"https:\/\/archive.sana.sy\/tr\/index.php?rest_route=%2Fwp%2Fv2%2Fmedia&parent=184371"}],"wp:term":[{"taxonomy":"category","embeddable":true,"href":"https:\/\/archive.sana.sy\/tr\/index.php?rest_route=%2Fwp%2Fv2%2Fcategories&post=184371"},{"taxonomy":"post_tag","embeddable":true,"href":"https:\/\/archive.sana.sy\/tr\/index.php?rest_route=%2Fwp%2Fv2%2Ftags&post=184371"}],"curies":[{"name":"wp","href":"https:\/\/api.w.org\/{rel}","templated":true}]}}