{"id":184457,"date":"2019-06-11T14:10:41","date_gmt":"2019-06-11T11:10:41","guid":{"rendered":"http:\/\/www.sana.sy\/tr\/?p=184457"},"modified":"2019-06-11T14:10:41","modified_gmt":"2019-06-11T11:10:41","slug":"cinde-duzenlenen-asya-uygarliklari-fuarinda-suriyeyi-temsil-eden-heyetlerden-rakka-folklor-grubu-ile-sana-roportaji","status":"publish","type":"post","link":"https:\/\/archive.sana.sy\/tr\/?p=184457","title":{"rendered":"\u00c7in\u2019de d\u00fczenlenen Asya Uygarl\u0131klar\u0131 Fuar\u0131nda Suriye\u2019yi temsil eden heyetlerden Rakka Folklor Grubu ile SANA r\u00f6portaj\u0131"},"content":{"rendered":"<p>\u00c7in\u2019de d\u00fczenlenen Asya Uygarl\u0131klar\u0131 Fuar\u0131nda Suriye\u2019yi temsil eden heyetlerden Rakka Folklor Grubu ile SANA r\u00f6portaj\u0131<\/p>\n<p><iframe loading=\"lazy\" title=\"\u0641\u0631\u0642\u0629 \u0627\u0644\u0631\u0642\u0629 \u0644\u0644\u0641\u0646\u0648\u0646 \u0627\u0644\u0634\u0639\u0628\u064a\u0629 \u062a\u062d\u0635\u062f \u0627\u0644\u062c\u0648\u0627\u0626\u0632 \u0641\u064a \u0627\u0644\u0635\u064a\u0646\" width=\"618\" height=\"348\" src=\"https:\/\/www.youtube.com\/embed\/xYk67LWPq50?feature=oembed\" frameborder=\"0\" allow=\"accelerometer; autoplay; clipboard-write; encrypted-media; gyroscope; picture-in-picture; web-share\" referrerpolicy=\"strict-origin-when-cross-origin\" allowfullscreen><\/iframe><\/p>\n","protected":false},"excerpt":{"rendered":"<p>\u00c7in\u2019de d\u00fczenlenen Asya Uygarl\u0131klar\u0131 Fuar\u0131nda Suriye\u2019yi temsil eden heyetlerden Rakka Folklor Grubu ile SANA r\u00f6portaj\u0131<\/p>\n","protected":false},"author":1,"featured_media":184463,"comment_status":"closed","ping_status":"closed","sticky":false,"template":"","format":"standard","meta":{"footnotes":""},"categories":[18295],"tags":[],"class_list":["post-184457","post","type-post","status-publish","format-standard","has-post-thumbnail","","category-sana-video"],"_links":{"self":[{"href":"https:\/\/archive.sana.sy\/tr\/index.php?rest_route=\/wp\/v2\/posts\/184457","targetHints":{"allow":["GET"]}}],"collection":[{"href":"https:\/\/archive.sana.sy\/tr\/index.php?rest_route=\/wp\/v2\/posts"}],"about":[{"href":"https:\/\/archive.sana.sy\/tr\/index.php?rest_route=\/wp\/v2\/types\/post"}],"author":[{"embeddable":true,"href":"https:\/\/archive.sana.sy\/tr\/index.php?rest_route=\/wp\/v2\/users\/1"}],"replies":[{"embeddable":true,"href":"https:\/\/archive.sana.sy\/tr\/index.php?rest_route=%2Fwp%2Fv2%2Fcomments&post=184457"}],"version-history":[{"count":0,"href":"https:\/\/archive.sana.sy\/tr\/index.php?rest_route=\/wp\/v2\/posts\/184457\/revisions"}],"wp:featuredmedia":[{"embeddable":true,"href":"https:\/\/archive.sana.sy\/tr\/index.php?rest_route=\/wp\/v2\/media\/184463"}],"wp:attachment":[{"href":"https:\/\/archive.sana.sy\/tr\/index.php?rest_route=%2Fwp%2Fv2%2Fmedia&parent=184457"}],"wp:term":[{"taxonomy":"category","embeddable":true,"href":"https:\/\/archive.sana.sy\/tr\/index.php?rest_route=%2Fwp%2Fv2%2Fcategories&post=184457"},{"taxonomy":"post_tag","embeddable":true,"href":"https:\/\/archive.sana.sy\/tr\/index.php?rest_route=%2Fwp%2Fv2%2Ftags&post=184457"}],"curies":[{"name":"wp","href":"https:\/\/api.w.org\/{rel}","templated":true}]}}