{"id":184495,"date":"2019-06-11T15:40:43","date_gmt":"2019-06-11T12:40:43","guid":{"rendered":"http:\/\/www.sana.sy\/tr\/?p=184495"},"modified":"2019-06-13T14:42:57","modified_gmt":"2019-06-13T11:42:57","slug":"gecen-sezona-nazaran-daha-iyi","status":"publish","type":"post","link":"https:\/\/archive.sana.sy\/tr\/?p=184495","title":{"rendered":"Ge\u00e7en Sezona Nazaran Daha \u0130yi"},"content":{"rendered":"<p>\u015eAM \u2013 Suriye Tah\u0131l Kurumu muhtelif b\u00f6lgelerde \u00e7ift\u00e7ilerden sezon tah\u0131llar\u0131n\u0131 te\u015fvik edici fiyatlar ve icraatlarla sat\u0131n alma s\u00fcrecini s\u00fcrd\u00fcr\u00fcrken, sezon bal\u0131ndan \u015fu ana dek 92 bin 626 ton bu\u011fday\u0131n sat\u0131n al\u0131nd\u0131\u011f\u0131n\u0131 a\u00e7\u0131klad\u0131.<\/p>\n<p>Kurum Genel M\u00fcd\u00fcr\u00fc Yusuf Kas\u0131m SANA\u2019ya yapt\u0131\u011f\u0131 a\u00e7\u0131klamada; farkl\u0131 illerde ve b\u00f6lgelerde mevcut tah\u0131l teslim merkezlerinin \u00e7ift\u00e7ilerin i\u015flemlerini kolayla\u015ft\u0131rma ve onlara yard\u0131m etme amac\u0131yla ak\u015fam ge\u00e7 saatlere kadar hizmet verdiklerini a\u00e7\u0131klad\u0131. Kas\u0131m kurumun \u00e7ift\u00e7ilerden sat\u0131n ald\u0131\u011f\u0131 bu\u011fday ve arpalar\u0131n faturalar\u0131n\u0131 hi\u00e7 bekletmeksizin derhal Ziraat Bankas\u0131n\u0131n farkl\u0131 b\u00f6lgelerdeki \u015fubeleri arac\u0131l\u0131\u011f\u0131 ile t\u00fcm \u00f6demelerin yap\u0131ld\u0131\u011f\u0131na vurgu yapt\u0131.<\/p>\n<p>Bu sezonu bir \u00f6nceki sezonla k\u0131yaslayan Kas\u0131m; bu sezonun daha iyi ve verimli oldu\u011funu s\u00f6yledi. Kas\u0131m ge\u00e7en sezonda ayn\u0131 s\u00fcre i\u00e7inde 64 bin 811 ton bu\u011fday\u0131n merkezlere teslim edildi\u011fini, bu sezonda ise s\u00f6z konusu rakam\u0131n 92 bin 626 ton oldu\u011funu s\u00f6yledi.<\/p>\n","protected":false},"excerpt":{"rendered":"<p>\u015eAM \u2013 Suriye Tah\u0131l Kurumu muhtelif b\u00f6lgelerde \u00e7ift\u00e7ilerden sezon tah\u0131llar\u0131n\u0131 te\u015fvik edici fiyatlar ve icraatlarla sat\u0131n alma s\u00fcrecini s\u00fcrd\u00fcr\u00fcrken, sezon bal\u0131ndan \u015fu ana dek 92 bin 626 ton bu\u011fday\u0131n sat\u0131n al\u0131nd\u0131\u011f\u0131n\u0131 a\u00e7\u0131klad\u0131. Kurum Genel M\u00fcd\u00fcr\u00fc Yusuf Kas\u0131m SANA\u2019ya yapt\u0131\u011f\u0131 a\u00e7\u0131klamada; farkl\u0131 illerde ve b\u00f6lgelerde mevcut tah\u0131l teslim merkezlerinin \u00e7ift\u00e7ilerin i\u015flemlerini kolayla\u015ft\u0131rma ve onlara yard\u0131m etme &hellip;<\/p>\n","protected":false},"author":1,"featured_media":184496,"comment_status":"closed","ping_status":"closed","sticky":false,"template":"","format":"standard","meta":{"footnotes":""},"categories":[485,486,479,17988,478],"tags":[],"class_list":["post-184495","post","type-post","status-publish","format-standard","has-post-thumbnail","","category-is-ve-sermaye","category-haberler-is-ve-sermaye","category-haberler-yerel","category-son-haberler","category-yerel"],"_links":{"self":[{"href":"https:\/\/archive.sana.sy\/tr\/index.php?rest_route=\/wp\/v2\/posts\/184495","targetHints":{"allow":["GET"]}}],"collection":[{"href":"https:\/\/archive.sana.sy\/tr\/index.php?rest_route=\/wp\/v2\/posts"}],"about":[{"href":"https:\/\/archive.sana.sy\/tr\/index.php?rest_route=\/wp\/v2\/types\/post"}],"author":[{"embeddable":true,"href":"https:\/\/archive.sana.sy\/tr\/index.php?rest_route=\/wp\/v2\/users\/1"}],"replies":[{"embeddable":true,"href":"https:\/\/archive.sana.sy\/tr\/index.php?rest_route=%2Fwp%2Fv2%2Fcomments&post=184495"}],"version-history":[{"count":0,"href":"https:\/\/archive.sana.sy\/tr\/index.php?rest_route=\/wp\/v2\/posts\/184495\/revisions"}],"wp:featuredmedia":[{"embeddable":true,"href":"https:\/\/archive.sana.sy\/tr\/index.php?rest_route=\/wp\/v2\/media\/184496"}],"wp:attachment":[{"href":"https:\/\/archive.sana.sy\/tr\/index.php?rest_route=%2Fwp%2Fv2%2Fmedia&parent=184495"}],"wp:term":[{"taxonomy":"category","embeddable":true,"href":"https:\/\/archive.sana.sy\/tr\/index.php?rest_route=%2Fwp%2Fv2%2Fcategories&post=184495"},{"taxonomy":"post_tag","embeddable":true,"href":"https:\/\/archive.sana.sy\/tr\/index.php?rest_route=%2Fwp%2Fv2%2Ftags&post=184495"}],"curies":[{"name":"wp","href":"https:\/\/api.w.org\/{rel}","templated":true}]}}