{"id":184530,"date":"2019-06-12T13:36:33","date_gmt":"2019-06-12T10:36:33","guid":{"rendered":"http:\/\/www.sana.sy\/tr\/?p=184530"},"modified":"2019-06-13T14:40:47","modified_gmt":"2019-06-13T11:40:47","slug":"kunaytrada-radikal-teroristlerden-kalma-c4-ele-gecirildi","status":"publish","type":"post","link":"https:\/\/archive.sana.sy\/tr\/?p=184530","title":{"rendered":"Kunaytra\u2019da Radikal Ter\u00f6ristlerden Kalma C4 Ele Ge\u00e7irildi"},"content":{"rendered":"<p>KUNAYTRA \u2013 G\u00fcney B\u00f6lgesinde ter\u00f6r gruplar\u0131n\u0131n yok edildikten sonra b\u00f6lgedeki halk\u0131n ve g\u00fcvenlik birimlerimizin i\u015fbirli\u011fiyle ger\u00e7ekle\u015ftiren arama tarama operasyonlar \u00e7er\u00e7evesinde, radikal ter\u00f6r gruplar\u0131ndan kalma b\u00fcy\u00fck miktarda C4 \u015fiddetli patlay\u0131c\u0131 maddesi ele ge\u00e7irildi.<\/p>\n<p>SANA\u2019n\u0131n Kunaytra muhabiri; G\u00fcvenlik birimlerimizin s\u00fcrd\u00fcrd\u00fckleri arama tarama operasyonlar\u0131 s\u0131ras\u0131nda, Kunaytra \u0130li g\u00fcneybat\u0131s\u0131nda yer alan Beyt Jin K\u00f6y\u00fcn\u00fcn yak\u0131nl\u0131kta d\u00fc\u015fen Buheyran Vadisinde radikal ter\u00f6r gruplar\u0131ndan kalma b\u00fcy\u00fck miktarda C4 \u015fiddetli patlay\u0131c\u0131 maddesi ele ge\u00e7irdiklerini belirtti.<\/p>\n<p>\u00c7eviri: P.M.<\/p>\n<div id='gallery-1' class='gallery galleryid-184530 gallery-columns-1 gallery-size-full'><figure class='gallery-item'>\n\t\t\t<div class='gallery-icon landscape'>\n\t\t\t\t<a href='https:\/\/archive.sana.sy\/tr\/wp-content\/uploads\/2019\/06\/qunaiterrraaaa.jpg'><img loading=\"lazy\" decoding=\"async\" width=\"660\" height=\"401\" src=\"https:\/\/archive.sana.sy\/tr\/wp-content\/uploads\/2019\/06\/qunaiterrraaaa.jpg\" class=\"attachment-full size-full\" alt=\"\" srcset=\"https:\/\/archive.sana.sy\/tr\/wp-content\/uploads\/2019\/06\/qunaiterrraaaa.jpg 660w, https:\/\/archive.sana.sy\/tr\/wp-content\/uploads\/2019\/06\/qunaiterrraaaa-150x91.jpg 150w, https:\/\/archive.sana.sy\/tr\/wp-content\/uploads\/2019\/06\/qunaiterrraaaa-300x182.jpg 300w\" sizes=\"auto, (max-width: 660px) 100vw, 660px\" \/><\/a>\n\t\t\t<\/div><\/figure>\n\t\t<\/div>\n\n","protected":false},"excerpt":{"rendered":"<p>KUNAYTRA \u2013 G\u00fcney B\u00f6lgesinde ter\u00f6r gruplar\u0131n\u0131n yok edildikten sonra b\u00f6lgedeki halk\u0131n ve g\u00fcvenlik birimlerimizin i\u015fbirli\u011fiyle ger\u00e7ekle\u015ftiren arama tarama operasyonlar \u00e7er\u00e7evesinde, radikal ter\u00f6r gruplar\u0131ndan kalma b\u00fcy\u00fck miktarda C4 \u015fiddetli patlay\u0131c\u0131 maddesi ele ge\u00e7irildi. SANA\u2019n\u0131n Kunaytra muhabiri; G\u00fcvenlik birimlerimizin s\u00fcrd\u00fcrd\u00fckleri arama tarama operasyonlar\u0131 s\u0131ras\u0131nda, Kunaytra \u0130li g\u00fcneybat\u0131s\u0131nda yer alan Beyt Jin K\u00f6y\u00fcn\u00fcn yak\u0131nl\u0131kta d\u00fc\u015fen Buheyran Vadisinde radikal &hellip;<\/p>\n","protected":false},"author":1,"featured_media":184531,"comment_status":"closed","ping_status":"closed","sticky":false,"template":"","format":"standard","meta":{"footnotes":""},"categories":[479,575,17988,478],"tags":[],"class_list":["post-184530","post","type-post","status-publish","format-standard","has-post-thumbnail","","category-haberler-yerel","category-olaylar-ve-gercekler","category-son-haberler","category-yerel"],"_links":{"self":[{"href":"https:\/\/archive.sana.sy\/tr\/index.php?rest_route=\/wp\/v2\/posts\/184530","targetHints":{"allow":["GET"]}}],"collection":[{"href":"https:\/\/archive.sana.sy\/tr\/index.php?rest_route=\/wp\/v2\/posts"}],"about":[{"href":"https:\/\/archive.sana.sy\/tr\/index.php?rest_route=\/wp\/v2\/types\/post"}],"author":[{"embeddable":true,"href":"https:\/\/archive.sana.sy\/tr\/index.php?rest_route=\/wp\/v2\/users\/1"}],"replies":[{"embeddable":true,"href":"https:\/\/archive.sana.sy\/tr\/index.php?rest_route=%2Fwp%2Fv2%2Fcomments&post=184530"}],"version-history":[{"count":0,"href":"https:\/\/archive.sana.sy\/tr\/index.php?rest_route=\/wp\/v2\/posts\/184530\/revisions"}],"wp:featuredmedia":[{"embeddable":true,"href":"https:\/\/archive.sana.sy\/tr\/index.php?rest_route=\/wp\/v2\/media\/184531"}],"wp:attachment":[{"href":"https:\/\/archive.sana.sy\/tr\/index.php?rest_route=%2Fwp%2Fv2%2Fmedia&parent=184530"}],"wp:term":[{"taxonomy":"category","embeddable":true,"href":"https:\/\/archive.sana.sy\/tr\/index.php?rest_route=%2Fwp%2Fv2%2Fcategories&post=184530"},{"taxonomy":"post_tag","embeddable":true,"href":"https:\/\/archive.sana.sy\/tr\/index.php?rest_route=%2Fwp%2Fv2%2Ftags&post=184530"}],"curies":[{"name":"wp","href":"https:\/\/api.w.org\/{rel}","templated":true}]}}