{"id":184538,"date":"2019-06-12T13:49:01","date_gmt":"2019-06-12T10:49:01","guid":{"rendered":"http:\/\/www.sana.sy\/tr\/?p=184538"},"modified":"2019-06-12T13:49:50","modified_gmt":"2019-06-12T10:49:50","slug":"sana-muhabiri-isgalci-abd-guclerinin-kontrol-altinda-olan-rukban-kampindan-onlarca-suriyeli-ailelerin-cikabildiklerini-ve-homs-ilinde-bulunan-cleygim-insani-gecidine-ulastiklarini-belirtti","status":"publish","type":"post","link":"https:\/\/archive.sana.sy\/tr\/?p=184538","title":{"rendered":"SANA muhabiri; Tenf B\u00f6lgesindeki i\u015fgalci ABD g\u00fc\u00e7lerinin kontrol\u00fc alt\u0131nda olan R\u00fckban kamp\u0131ndan Suriyeli onlarca ailelenin rehine tutulduklar\u0131 kamptan \u00e7\u0131k\u0131p Cley\u011fim \u0130nsani Ge\u00e7idine ula\u015ft\u0131klar\u0131n\u0131 belirtti"},"content":{"rendered":"<p>SANA muhabiri; Tenf B\u00f6lgesindeki i\u015fgalci ABD g\u00fc\u00e7lerinin kontrol\u00fc alt\u0131nda olan R\u00fckban kamp\u0131ndan Suriyeli onlarca ailelenin rehine tutulduklar\u0131 kamptan \u00e7\u0131k\u0131p Cley\u011fim \u0130nsani Ge\u00e7idine ula\u015ft\u0131klar\u0131n\u0131 belirtti<\/p>\n","protected":false},"excerpt":{"rendered":"<p>SANA muhabiri; Tenf B\u00f6lgesindeki i\u015fgalci ABD g\u00fc\u00e7lerinin kontrol\u00fc alt\u0131nda olan R\u00fckban kamp\u0131ndan Suriyeli onlarca ailelenin rehine tutulduklar\u0131 kamptan \u00e7\u0131k\u0131p Cley\u011fim \u0130nsani Ge\u00e7idine ula\u015ft\u0131klar\u0131n\u0131 belirtti<\/p>\n","protected":false},"author":1,"featured_media":0,"comment_status":"closed","ping_status":"closed","sticky":false,"template":"","format":"standard","meta":{"footnotes":""},"categories":[17991],"tags":[],"class_list":["post-184538","post","type-post","status-publish","format-standard","","category-son-dakika"],"_links":{"self":[{"href":"https:\/\/archive.sana.sy\/tr\/index.php?rest_route=\/wp\/v2\/posts\/184538","targetHints":{"allow":["GET"]}}],"collection":[{"href":"https:\/\/archive.sana.sy\/tr\/index.php?rest_route=\/wp\/v2\/posts"}],"about":[{"href":"https:\/\/archive.sana.sy\/tr\/index.php?rest_route=\/wp\/v2\/types\/post"}],"author":[{"embeddable":true,"href":"https:\/\/archive.sana.sy\/tr\/index.php?rest_route=\/wp\/v2\/users\/1"}],"replies":[{"embeddable":true,"href":"https:\/\/archive.sana.sy\/tr\/index.php?rest_route=%2Fwp%2Fv2%2Fcomments&post=184538"}],"version-history":[{"count":0,"href":"https:\/\/archive.sana.sy\/tr\/index.php?rest_route=\/wp\/v2\/posts\/184538\/revisions"}],"wp:attachment":[{"href":"https:\/\/archive.sana.sy\/tr\/index.php?rest_route=%2Fwp%2Fv2%2Fmedia&parent=184538"}],"wp:term":[{"taxonomy":"category","embeddable":true,"href":"https:\/\/archive.sana.sy\/tr\/index.php?rest_route=%2Fwp%2Fv2%2Fcategories&post=184538"},{"taxonomy":"post_tag","embeddable":true,"href":"https:\/\/archive.sana.sy\/tr\/index.php?rest_route=%2Fwp%2Fv2%2Ftags&post=184538"}],"curies":[{"name":"wp","href":"https:\/\/api.w.org\/{rel}","templated":true}]}}