{"id":184557,"date":"2019-06-12T12:55:14","date_gmt":"2019-06-12T09:55:14","guid":{"rendered":"http:\/\/www.sana.sy\/tr\/?p=184557"},"modified":"2019-06-13T14:42:53","modified_gmt":"2019-06-13T11:42:53","slug":"eserlerinde-savastan-sonraki-hayata-odaklandilar","status":"publish","type":"post","link":"https:\/\/archive.sana.sy\/tr\/?p=184557","title":{"rendered":"Eserlerinde Sava\u015ftan Sonraki Hayata Odakland\u0131lar"},"content":{"rendered":"<p>\u015eAM \u2013 Plastik sanat ressamlar\u0131 Semir el Safadi ve Muhanned Seri d\u00fczenledikleri ikili sergide Suriye ve halk\u0131na y\u00f6nelik sava\u015f\u0131n yans\u0131malar\u0131n\u0131 a\u015fmaya \u00e7al\u0131\u015farak sanat ile tabirde bir dizi insani meselelere odakland\u0131lar.<\/p>\n<p><a href=\"http:\/\/www.sana.sy\/tr\/wp-content\/uploads\/2019\/06\/900-2.jpg\"><img loading=\"lazy\" decoding=\"async\" class=\"alignright size-medium wp-image-184562\" src=\"http:\/\/www.sana.sy\/tr\/wp-content\/uploads\/2019\/06\/900-2-300x155.jpg\" alt=\"\" width=\"300\" height=\"155\" srcset=\"https:\/\/archive.sana.sy\/tr\/wp-content\/uploads\/2019\/06\/900-2-300x155.jpg 300w, https:\/\/archive.sana.sy\/tr\/wp-content\/uploads\/2019\/06\/900-2-150x77.jpg 150w, https:\/\/archive.sana.sy\/tr\/wp-content\/uploads\/2019\/06\/900-2-768x396.jpg 768w, https:\/\/archive.sana.sy\/tr\/wp-content\/uploads\/2019\/06\/900-2-1024x528.jpg 1024w\" sizes=\"auto, (max-width: 300px) 100vw, 300px\" \/><\/a>Suriye Plastik Sanat Ressamlar\u0131 Federasyonu ile i\u015fbirli\u011fi i\u00e7inde ba\u015fkent \u015eam\u2019da d\u00fczenledikleri sergide ressamlar sava\u015ftan sonraki hayata ili\u015fkin d\u00fc\u015f\u00fcnce ve vizyonlar\u0131n\u0131 ifade etmek amac\u0131yla tablolarla \u00f6zel bir ruhani ili\u015fki kurmaya \u00f6zen g\u00f6sterdiler. \u0130ki gen\u00e7 ressam bu ba\u011flamda d\u00fc\u015f\u00fcnceleri ifade etmede en d\u00fcr\u00fcst vesilenin sanat oldu\u011funu g\u00f6stermek istediler.<\/p>\n<p>Plastik Sanat Ressam\u0131 Safadi eserlerinde hayat\u0131n kad\u0131n ve erkek aras\u0131nda b\u00fct\u00fcnle\u015fmeden ibaret oldu\u011fu temelinden hareket ederken SANA\u2019ya a\u00e7\u0131klamalar\u0131nda sanat\u0131n insan ruhuna sevin\u00e7 ve ferahl\u0131k getirdi\u011fine dikkat \u00e7ekti.<\/p>\n<p>Seri ise eserlerinde intizar, korku ve umursamazl\u0131\u011fa ili\u015fkin insani durumlar\u0131 anlat\u0131rken; benzer bir a\u00e7\u0131klamada;\u00a0 Suriyelilerin \u00e7ok y\u00f6nl\u00fc bir sava\u015fa maruz kald\u0131klar\u0131na dikkat \u00e7ekti.<\/p>\n<div id='gallery-1' class='gallery galleryid-184557 gallery-columns-5 gallery-size-full'><figure class='gallery-item'>\n\t\t\t<div class='gallery-icon landscape'>\n\t\t\t\t<a href='https:\/\/archive.sana.sy\/tr\/wp-content\/uploads\/2019\/06\/4-76.jpg'><img loading=\"lazy\" decoding=\"async\" width=\"2946\" height=\"1771\" src=\"https:\/\/archive.sana.sy\/tr\/wp-content\/uploads\/2019\/06\/4-76.jpg\" class=\"attachment-full size-full\" alt=\"\" srcset=\"https:\/\/archive.sana.sy\/tr\/wp-content\/uploads\/2019\/06\/4-76.jpg 2946w, https:\/\/archive.sana.sy\/tr\/wp-content\/uploads\/2019\/06\/4-76-150x90.jpg 150w, https:\/\/archive.sana.sy\/tr\/wp-content\/uploads\/2019\/06\/4-76-300x180.jpg 300w, https:\/\/archive.sana.sy\/tr\/wp-content\/uploads\/2019\/06\/4-76-768x462.jpg 768w, https:\/\/archive.sana.sy\/tr\/wp-content\/uploads\/2019\/06\/4-76-1024x616.jpg 1024w\" sizes=\"auto, (max-width: 2946px) 100vw, 2946px\" \/><\/a>\n\t\t\t<\/div><\/figure><figure class='gallery-item'>\n\t\t\t<div class='gallery-icon landscape'>\n\t\t\t\t<a href='https:\/\/archive.sana.sy\/tr\/wp-content\/uploads\/2019\/06\/6-48.jpg'><img loading=\"lazy\" decoding=\"async\" width=\"660\" height=\"330\" src=\"https:\/\/archive.sana.sy\/tr\/wp-content\/uploads\/2019\/06\/6-48.jpg\" class=\"attachment-full size-full\" alt=\"\" srcset=\"https:\/\/archive.sana.sy\/tr\/wp-content\/uploads\/2019\/06\/6-48.jpg 660w, https:\/\/archive.sana.sy\/tr\/wp-content\/uploads\/2019\/06\/6-48-150x75.jpg 150w, https:\/\/archive.sana.sy\/tr\/wp-content\/uploads\/2019\/06\/6-48-300x150.jpg 300w\" sizes=\"auto, (max-width: 660px) 100vw, 660px\" \/><\/a>\n\t\t\t<\/div><\/figure><figure class='gallery-item'>\n\t\t\t<div class='gallery-icon landscape'>\n\t\t\t\t<a href='https:\/\/archive.sana.sy\/tr\/wp-content\/uploads\/2019\/06\/41-1.jpg'><img loading=\"lazy\" decoding=\"async\" width=\"3288\" height=\"1666\" src=\"https:\/\/archive.sana.sy\/tr\/wp-content\/uploads\/2019\/06\/41-1.jpg\" class=\"attachment-full size-full\" alt=\"\" srcset=\"https:\/\/archive.sana.sy\/tr\/wp-content\/uploads\/2019\/06\/41-1.jpg 3288w, https:\/\/archive.sana.sy\/tr\/wp-content\/uploads\/2019\/06\/41-1-150x76.jpg 150w, https:\/\/archive.sana.sy\/tr\/wp-content\/uploads\/2019\/06\/41-1-300x152.jpg 300w, https:\/\/archive.sana.sy\/tr\/wp-content\/uploads\/2019\/06\/41-1-768x389.jpg 768w, https:\/\/archive.sana.sy\/tr\/wp-content\/uploads\/2019\/06\/41-1-1024x519.jpg 1024w\" sizes=\"auto, (max-width: 3288px) 100vw, 3288px\" \/><\/a>\n\t\t\t<\/div><\/figure><figure class='gallery-item'>\n\t\t\t<div class='gallery-icon landscape'>\n\t\t\t\t<a href='https:\/\/archive.sana.sy\/tr\/wp-content\/uploads\/2019\/06\/74.jpg'><img loading=\"lazy\" decoding=\"async\" width=\"3543\" height=\"2107\" src=\"https:\/\/archive.sana.sy\/tr\/wp-content\/uploads\/2019\/06\/74.jpg\" class=\"attachment-full size-full\" alt=\"\" srcset=\"https:\/\/archive.sana.sy\/tr\/wp-content\/uploads\/2019\/06\/74.jpg 3543w, https:\/\/archive.sana.sy\/tr\/wp-content\/uploads\/2019\/06\/74-150x89.jpg 150w, https:\/\/archive.sana.sy\/tr\/wp-content\/uploads\/2019\/06\/74-300x178.jpg 300w, https:\/\/archive.sana.sy\/tr\/wp-content\/uploads\/2019\/06\/74-768x457.jpg 768w, https:\/\/archive.sana.sy\/tr\/wp-content\/uploads\/2019\/06\/74-1024x609.jpg 1024w\" sizes=\"auto, (max-width: 3543px) 100vw, 3543px\" \/><\/a>\n\t\t\t<\/div><\/figure><figure class='gallery-item'>\n\t\t\t<div class='gallery-icon landscape'>\n\t\t\t\t<a href='https:\/\/archive.sana.sy\/tr\/wp-content\/uploads\/2019\/06\/66-4.jpg'><img loading=\"lazy\" decoding=\"async\" width=\"3017\" height=\"1831\" src=\"https:\/\/archive.sana.sy\/tr\/wp-content\/uploads\/2019\/06\/66-4.jpg\" class=\"attachment-full size-full\" alt=\"\" srcset=\"https:\/\/archive.sana.sy\/tr\/wp-content\/uploads\/2019\/06\/66-4.jpg 3017w, https:\/\/archive.sana.sy\/tr\/wp-content\/uploads\/2019\/06\/66-4-150x91.jpg 150w, https:\/\/archive.sana.sy\/tr\/wp-content\/uploads\/2019\/06\/66-4-300x182.jpg 300w, https:\/\/archive.sana.sy\/tr\/wp-content\/uploads\/2019\/06\/66-4-768x466.jpg 768w, https:\/\/archive.sana.sy\/tr\/wp-content\/uploads\/2019\/06\/66-4-1024x621.jpg 1024w\" sizes=\"auto, (max-width: 3017px) 100vw, 3017px\" \/><\/a>\n\t\t\t<\/div><\/figure>\n\t\t<\/div>\n\n","protected":false},"excerpt":{"rendered":"<p>\u015eAM \u2013 Plastik sanat ressamlar\u0131 Semir el Safadi ve Muhanned Seri d\u00fczenledikleri ikili sergide Suriye ve halk\u0131na y\u00f6nelik sava\u015f\u0131n yans\u0131malar\u0131n\u0131 a\u015fmaya \u00e7al\u0131\u015farak sanat ile tabirde bir dizi insani meselelere odakland\u0131lar. Suriye Plastik Sanat Ressamlar\u0131 Federasyonu ile i\u015fbirli\u011fi i\u00e7inde ba\u015fkent \u015eam\u2019da d\u00fczenledikleri sergide ressamlar sava\u015ftan sonraki hayata ili\u015fkin d\u00fc\u015f\u00fcnce ve vizyonlar\u0131n\u0131 ifade etmek amac\u0131yla tablolarla \u00f6zel &hellip;<\/p>\n","protected":false},"author":1,"featured_media":184564,"comment_status":"closed","ping_status":"closed","sticky":false,"template":"","format":"standard","meta":{"footnotes":""},"categories":[596,516,511,17988],"tags":[],"class_list":["post-184557","post","type-post","status-publish","format-standard","has-post-thumbnail","","category-fotografli-raporlar","category-haberler-kultur-ve-sanat","category-kultur-ve-sanat","category-son-haberler"],"_links":{"self":[{"href":"https:\/\/archive.sana.sy\/tr\/index.php?rest_route=\/wp\/v2\/posts\/184557","targetHints":{"allow":["GET"]}}],"collection":[{"href":"https:\/\/archive.sana.sy\/tr\/index.php?rest_route=\/wp\/v2\/posts"}],"about":[{"href":"https:\/\/archive.sana.sy\/tr\/index.php?rest_route=\/wp\/v2\/types\/post"}],"author":[{"embeddable":true,"href":"https:\/\/archive.sana.sy\/tr\/index.php?rest_route=\/wp\/v2\/users\/1"}],"replies":[{"embeddable":true,"href":"https:\/\/archive.sana.sy\/tr\/index.php?rest_route=%2Fwp%2Fv2%2Fcomments&post=184557"}],"version-history":[{"count":0,"href":"https:\/\/archive.sana.sy\/tr\/index.php?rest_route=\/wp\/v2\/posts\/184557\/revisions"}],"wp:featuredmedia":[{"embeddable":true,"href":"https:\/\/archive.sana.sy\/tr\/index.php?rest_route=\/wp\/v2\/media\/184564"}],"wp:attachment":[{"href":"https:\/\/archive.sana.sy\/tr\/index.php?rest_route=%2Fwp%2Fv2%2Fmedia&parent=184557"}],"wp:term":[{"taxonomy":"category","embeddable":true,"href":"https:\/\/archive.sana.sy\/tr\/index.php?rest_route=%2Fwp%2Fv2%2Fcategories&post=184557"},{"taxonomy":"post_tag","embeddable":true,"href":"https:\/\/archive.sana.sy\/tr\/index.php?rest_route=%2Fwp%2Fv2%2Ftags&post=184557"}],"curies":[{"name":"wp","href":"https:\/\/api.w.org\/{rel}","templated":true}]}}