{"id":184867,"date":"2019-06-18T14:43:24","date_gmt":"2019-06-18T11:43:24","guid":{"rendered":"http:\/\/www.sana.sy\/tr\/?p=184867"},"modified":"2019-06-19T14:38:07","modified_gmt":"2019-06-19T11:38:07","slug":"amac-turizmi-canlandirmak","status":"publish","type":"post","link":"https:\/\/archive.sana.sy\/tr\/?p=184867","title":{"rendered":"Ama\u00e7 Turizmi Canland\u0131rmak"},"content":{"rendered":"<p>DERA \u2013 Dera \u0130l Arkeoloji M\u00fcd\u00fcrl\u00fc\u011f\u00fc belli ba\u015fl\u0131 d\u0131\u015f g\u00fc\u00e7lerin talimat ve deste\u011fi ile faaliyet g\u00f6steren ter\u00f6ristlerin ordu birliklerimiz taraf\u0131ndan yok edilmeden \u00f6nce Dera\u2019da Antik Busra el \u015eam Kentine verdikleri hasar\u0131 tespit etme ve antik kenti onar\u0131p yeniden canland\u0131rma ama\u00e7l\u0131 raporunu tamamlad\u0131.<\/p>\n<p>\u0130l Arkeoloji M\u00fcd\u00fcr\u00fc Ala Salah SANA muhabirine yapt\u0131\u011f\u0131 a\u00e7\u0131klamada; antik kenti onarma \u00e7al\u0131\u015fmalar\u0131n\u0131n iki s\u00fcre\u00e7te olaca\u011f\u0131n\u0131 s\u00f6yledi. Salih ilk s\u00fcre\u00e7te kale ve duvarlar\u0131n\u0131n onar\u0131laca\u011f\u0131n\u0131, ikinci s\u00fcre\u00e7te de antik kentin onar\u0131laca\u011f\u0131n\u0131 a\u00e7\u0131klad\u0131.<\/p>\n<p>Antik kentin ard\u0131ndan ziyaret\u00e7ilere a\u00e7\u0131laca\u011f\u0131n\u0131 belirten Salih; amac\u0131n tarih a\u00e7\u0131s\u0131ndan b\u00fcy\u00fck bir \u00f6nem ta\u015f\u0131yan bu antik kenti yeniden canland\u0131rmak ve turizmi etkinle\u015ftirmek oldu\u011funu ifade etti.<\/p>\n","protected":false},"excerpt":{"rendered":"<p>DERA \u2013 Dera \u0130l Arkeoloji M\u00fcd\u00fcrl\u00fc\u011f\u00fc belli ba\u015fl\u0131 d\u0131\u015f g\u00fc\u00e7lerin talimat ve deste\u011fi ile faaliyet g\u00f6steren ter\u00f6ristlerin ordu birliklerimiz taraf\u0131ndan yok edilmeden \u00f6nce Dera\u2019da Antik Busra el \u015eam Kentine verdikleri hasar\u0131 tespit etme ve antik kenti onar\u0131p yeniden canland\u0131rma ama\u00e7l\u0131 raporunu tamamlad\u0131. \u0130l Arkeoloji M\u00fcd\u00fcr\u00fc Ala Salah SANA muhabirine yapt\u0131\u011f\u0131 a\u00e7\u0131klamada; antik kenti onarma \u00e7al\u0131\u015fmalar\u0131n\u0131n &hellip;<\/p>\n","protected":false},"author":1,"featured_media":184868,"comment_status":"closed","ping_status":"closed","sticky":false,"template":"","format":"standard","meta":{"footnotes":""},"categories":[516,511,17988],"tags":[],"class_list":["post-184867","post","type-post","status-publish","format-standard","has-post-thumbnail","","category-haberler-kultur-ve-sanat","category-kultur-ve-sanat","category-son-haberler"],"_links":{"self":[{"href":"https:\/\/archive.sana.sy\/tr\/index.php?rest_route=\/wp\/v2\/posts\/184867","targetHints":{"allow":["GET"]}}],"collection":[{"href":"https:\/\/archive.sana.sy\/tr\/index.php?rest_route=\/wp\/v2\/posts"}],"about":[{"href":"https:\/\/archive.sana.sy\/tr\/index.php?rest_route=\/wp\/v2\/types\/post"}],"author":[{"embeddable":true,"href":"https:\/\/archive.sana.sy\/tr\/index.php?rest_route=\/wp\/v2\/users\/1"}],"replies":[{"embeddable":true,"href":"https:\/\/archive.sana.sy\/tr\/index.php?rest_route=%2Fwp%2Fv2%2Fcomments&post=184867"}],"version-history":[{"count":0,"href":"https:\/\/archive.sana.sy\/tr\/index.php?rest_route=\/wp\/v2\/posts\/184867\/revisions"}],"wp:featuredmedia":[{"embeddable":true,"href":"https:\/\/archive.sana.sy\/tr\/index.php?rest_route=\/wp\/v2\/media\/184868"}],"wp:attachment":[{"href":"https:\/\/archive.sana.sy\/tr\/index.php?rest_route=%2Fwp%2Fv2%2Fmedia&parent=184867"}],"wp:term":[{"taxonomy":"category","embeddable":true,"href":"https:\/\/archive.sana.sy\/tr\/index.php?rest_route=%2Fwp%2Fv2%2Fcategories&post=184867"},{"taxonomy":"post_tag","embeddable":true,"href":"https:\/\/archive.sana.sy\/tr\/index.php?rest_route=%2Fwp%2Fv2%2Ftags&post=184867"}],"curies":[{"name":"wp","href":"https:\/\/api.w.org\/{rel}","templated":true}]}}