{"id":184892,"date":"2019-06-18T22:00:25","date_gmt":"2019-06-18T19:00:25","guid":{"rendered":"http:\/\/sana.sy\/tr\/?p=184892"},"modified":"2019-06-19T14:21:36","modified_gmt":"2019-06-19T11:21:36","slug":"amerikan-koalisyonu-ucaklarinca-destekli-dsg-kuvvetleri-111-sivili-tutukladi","status":"publish","type":"post","link":"https:\/\/archive.sana.sy\/tr\/?p=184892","title":{"rendered":"Amerikan Koalisyonu U\u00e7aklar\u0131nca Destekli DSG Kuvvetleri 111 Sivili Tutuklad\u0131"},"content":{"rendered":"<p style=\"text-align: justify;\">DEYREZZOR \u2013 Amerikan i\u015fgalince destekli s\u00f6zde Demokratik Suriye G\u00fc\u00e7leri&#8221; (DSG) milisleri bulunduklar\u0131 ve yay\u0131ld\u0131klar\u0131 b\u00f6lgelerde siviller hakk\u0131nda ka\u00e7\u0131rma ve tutuklama eylemleriyle r\u0131z\u0131klar\u0131n\u0131 \u00e7alma ve mahs\u00fcllerini yakma eylemlerini s\u00fcrd\u00fcrd\u00fc. Ge\u00e7en bir ka\u00e7 saat i\u00e7erisinde de Deyrezzor k\u0131rsal\u0131n\u0131n el Tayyane ve \u015euveyhan k\u00f6ylerinden 111 vatanda\u015f\u0131 tutuklad\u0131.<\/p>\n<p style=\"text-align: justify;\">Yerel ve mutab\u0131k medya kaynaklar\u0131, DSG milislerinin &#8220;Amerikan Koalisyonu&#8221;\u00a0 u\u00e7aklar\u0131 deste\u011fiyle Deyrezzor&#8217;un baz\u0131 k\u00f6ylerinde tutuklama hamleleri d\u00fczenledi\u011fini ve el Meyadin kentinin g\u00fcney do\u011fusundaki el Tayyane Beldesini ablukaya alarak yo\u011fun ate\u015f ortam\u0131nda bask\u0131n d\u00fczenleyerek 100 vatanda\u015f\u0131 tutuklad\u0131\u011f\u0131n\u0131 s\u00f6yledi.<\/p>\n<p style=\"text-align: justify;\">Deyrezzor&#8217;un kuzeyinde de yerel kaynaklara g\u00f6re, s\u00f6z konusu milislerden silahl\u0131 gruplar\u0131n otomatik silahl\u0131 ara\u00e7larla \u015euveyhan K\u00f6y\u00fcn\u00fc bast\u0131llar\u0131n\u0131 ve k\u00f6y sakinlerinden 11 ki\u015fiyi tutuklad\u0131klar\u0131n\u0131 ve k\u00f6y ahalisini korkuya d\u00fc\u015f\u00fcrd\u00fcklerini belirtti.<\/p>\n<p style=\"text-align: justify;\">Kaynaklar, s\u00f6z konusu tutuklama ve sald\u0131r\u0131lar\u0131n sebebinin, ahalinin bu\u011fday ve arpadan olu\u015fann mahs\u00fclllerini DSG milislerine teslim etmeyi reddetmelerine dayand\u0131\u011f\u0131n\u0131 vurgulad\u0131lar.<\/p>\n<p>\u00c7eviri: S. \u015eahhut.<\/p>\n","protected":false},"excerpt":{"rendered":"<p>DEYREZZOR \u2013 Amerikan i\u015fgalince destekli s\u00f6zde Demokratik Suriye G\u00fc\u00e7leri&#8221; (DSG) milisleri bulunduklar\u0131 ve yay\u0131ld\u0131klar\u0131 b\u00f6lgelerde siviller hakk\u0131nda ka\u00e7\u0131rma ve tutuklama eylemleriyle r\u0131z\u0131klar\u0131n\u0131 \u00e7alma ve mahs\u00fcllerini yakma eylemlerini s\u00fcrd\u00fcrd\u00fc. Ge\u00e7en bir ka\u00e7 saat i\u00e7erisinde de Deyrezzor k\u0131rsal\u0131n\u0131n el Tayyane ve \u015euveyhan k\u00f6ylerinden 111 vatanda\u015f\u0131 tutuklad\u0131. Yerel ve mutab\u0131k medya kaynaklar\u0131, DSG milislerinin &#8220;Amerikan Koalisyonu&#8221;\u00a0 u\u00e7aklar\u0131 deste\u011fiyle &hellip;<\/p>\n","protected":false},"author":1,"featured_media":184893,"comment_status":"closed","ping_status":"closed","sticky":false,"template":"","format":"standard","meta":{"footnotes":""},"categories":[479,575,17988,478],"tags":[],"class_list":["post-184892","post","type-post","status-publish","format-standard","has-post-thumbnail","","category-haberler-yerel","category-olaylar-ve-gercekler","category-son-haberler","category-yerel"],"_links":{"self":[{"href":"https:\/\/archive.sana.sy\/tr\/index.php?rest_route=\/wp\/v2\/posts\/184892","targetHints":{"allow":["GET"]}}],"collection":[{"href":"https:\/\/archive.sana.sy\/tr\/index.php?rest_route=\/wp\/v2\/posts"}],"about":[{"href":"https:\/\/archive.sana.sy\/tr\/index.php?rest_route=\/wp\/v2\/types\/post"}],"author":[{"embeddable":true,"href":"https:\/\/archive.sana.sy\/tr\/index.php?rest_route=\/wp\/v2\/users\/1"}],"replies":[{"embeddable":true,"href":"https:\/\/archive.sana.sy\/tr\/index.php?rest_route=%2Fwp%2Fv2%2Fcomments&post=184892"}],"version-history":[{"count":0,"href":"https:\/\/archive.sana.sy\/tr\/index.php?rest_route=\/wp\/v2\/posts\/184892\/revisions"}],"wp:featuredmedia":[{"embeddable":true,"href":"https:\/\/archive.sana.sy\/tr\/index.php?rest_route=\/wp\/v2\/media\/184893"}],"wp:attachment":[{"href":"https:\/\/archive.sana.sy\/tr\/index.php?rest_route=%2Fwp%2Fv2%2Fmedia&parent=184892"}],"wp:term":[{"taxonomy":"category","embeddable":true,"href":"https:\/\/archive.sana.sy\/tr\/index.php?rest_route=%2Fwp%2Fv2%2Fcategories&post=184892"},{"taxonomy":"post_tag","embeddable":true,"href":"https:\/\/archive.sana.sy\/tr\/index.php?rest_route=%2Fwp%2Fv2%2Ftags&post=184892"}],"curies":[{"name":"wp","href":"https:\/\/api.w.org\/{rel}","templated":true}]}}