{"id":184898,"date":"2019-06-18T20:05:49","date_gmt":"2019-06-18T17:05:49","guid":{"rendered":"http:\/\/sana.sy\/tr\/?p=184898"},"modified":"2019-06-19T14:21:55","modified_gmt":"2019-06-19T11:21:55","slug":"ordu-takimi-asya-federasyonu-kupasinda-urdunlu-cezireyi-3-0-maglup-etti","status":"publish","type":"post","link":"https:\/\/archive.sana.sy\/tr\/?p=184898","title":{"rendered":"Ordu Tak\u0131m\u0131 Asya Federasyonu Kupas\u0131nda \u00dcrd\u00fcnl\u00fc Cezire&#8217;yi 3-0 Ma\u011flup Etti"},"content":{"rendered":"<p style=\"text-align: justify;\">MANAMA \u2013 Ordu tak\u0131m\u0131 Asya Federasyonu Kupas\u0131 Bat\u0131 Asya B\u00f6lgesinden \u00dcrd\u00fcnl\u00fc el Cezire tak\u0131m\u0131n\u0131 Bahreyn&#8217;in ba\u015fkenti Manama el Muharrak Stad\u0131nda oynad\u0131\u011f\u0131 yar\u0131 final ilk ma\u00e7\u0131n\u0131 3-0&#8217;l\u0131k net skorla galip geldi.<\/p>\n<p style=\"text-align: justify;\">Kar\u015f\u0131la\u015fman\u0131n gollerini Basil Mustafa 2 gol ve Muuhammed Vakid 57, 62 ve 79. dakikalarda kaydetti.<\/p>\n<p style=\"text-align: justify;\">Yar\u0131 final r\u00f6van\u015f ma\u00e7\u0131 25 Haziranda oynanacak.<\/p>\n<p style=\"text-align: justify;\">Yar\u0131 final di\u011fer ma\u00e7\u0131nda ise L\u00fcbnanl\u0131 el Ahd tak\u0131m\u0131 \u00dcrd\u00fcnl\u00fc el Vahdat tak\u0131m\u0131n\u0131 Vahit Ali&#8217;nin att\u0131\u011f\u0131 golle 1-0 ma\u011flup ederek Bat\u0131 Asya finaline \u00e7\u0131kacak tak\u0131m\u0131 belirleyecek r\u00f6van\u015f ma\u00e7\u0131 ise gelecek Pazartesi g\u00fcn\u00fc oynanacak.<\/p>\n<p>\u00c7eviri: S. \u015eahhut.<\/p>\n","protected":false},"excerpt":{"rendered":"<p>MANAMA \u2013 Ordu tak\u0131m\u0131 Asya Federasyonu Kupas\u0131 Bat\u0131 Asya B\u00f6lgesinden \u00dcrd\u00fcnl\u00fc el Cezire tak\u0131m\u0131n\u0131 Bahreyn&#8217;in ba\u015fkenti Manama el Muharrak Stad\u0131nda oynad\u0131\u011f\u0131 yar\u0131 final ilk ma\u00e7\u0131n\u0131 3-0&#8217;l\u0131k net skorla galip geldi. Kar\u015f\u0131la\u015fman\u0131n gollerini Basil Mustafa 2 gol ve Muuhammed Vakid 57, 62 ve 79. dakikalarda kaydetti. Yar\u0131 final r\u00f6van\u015f ma\u00e7\u0131 25 Haziranda oynanacak. Yar\u0131 final di\u011fer &hellip;<\/p>\n","protected":false},"author":1,"featured_media":184899,"comment_status":"closed","ping_status":"closed","sticky":false,"template":"","format":"standard","meta":{"footnotes":""},"categories":[498,17988,496],"tags":[],"class_list":["post-184898","post","type-post","status-publish","format-standard","has-post-thumbnail","","category-dunya-turnuvalari","category-son-haberler","category-spor"],"_links":{"self":[{"href":"https:\/\/archive.sana.sy\/tr\/index.php?rest_route=\/wp\/v2\/posts\/184898","targetHints":{"allow":["GET"]}}],"collection":[{"href":"https:\/\/archive.sana.sy\/tr\/index.php?rest_route=\/wp\/v2\/posts"}],"about":[{"href":"https:\/\/archive.sana.sy\/tr\/index.php?rest_route=\/wp\/v2\/types\/post"}],"author":[{"embeddable":true,"href":"https:\/\/archive.sana.sy\/tr\/index.php?rest_route=\/wp\/v2\/users\/1"}],"replies":[{"embeddable":true,"href":"https:\/\/archive.sana.sy\/tr\/index.php?rest_route=%2Fwp%2Fv2%2Fcomments&post=184898"}],"version-history":[{"count":0,"href":"https:\/\/archive.sana.sy\/tr\/index.php?rest_route=\/wp\/v2\/posts\/184898\/revisions"}],"wp:featuredmedia":[{"embeddable":true,"href":"https:\/\/archive.sana.sy\/tr\/index.php?rest_route=\/wp\/v2\/media\/184899"}],"wp:attachment":[{"href":"https:\/\/archive.sana.sy\/tr\/index.php?rest_route=%2Fwp%2Fv2%2Fmedia&parent=184898"}],"wp:term":[{"taxonomy":"category","embeddable":true,"href":"https:\/\/archive.sana.sy\/tr\/index.php?rest_route=%2Fwp%2Fv2%2Fcategories&post=184898"},{"taxonomy":"post_tag","embeddable":true,"href":"https:\/\/archive.sana.sy\/tr\/index.php?rest_route=%2Fwp%2Fv2%2Ftags&post=184898"}],"curies":[{"name":"wp","href":"https:\/\/api.w.org\/{rel}","templated":true}]}}