{"id":185003,"date":"2019-06-20T13:34:32","date_gmt":"2019-06-20T10:34:32","guid":{"rendered":"http:\/\/www.sana.sy\/tr\/?p=185003"},"modified":"2019-06-20T13:35:12","modified_gmt":"2019-06-20T10:35:12","slug":"sana-muhabiri-guvenlik-birimlerimiz-sam-kirsalinda-yer-alan-yelda-beldesinde-teror-gruplarindan-kalma-cephane-deposu-ele-gecirdiklerini-belirtti","status":"publish","type":"post","link":"https:\/\/archive.sana.sy\/tr\/?p=185003","title":{"rendered":"SANA muhabiri; g\u00fcvenlik birimlerimizin \u015eam k\u0131rsal\u0131nda yer alan Yelda Beldesinde ter\u00f6r gruplar\u0131ndan kalma cephane deposu ele ge\u00e7irdiklerini belirtti"},"content":{"rendered":"<p>SANA muhabiri; g\u00fcvenlik birimlerimizin \u015eam k\u0131rsal\u0131nda yer alan Yelda Beldesinde ter\u00f6r gruplar\u0131ndan kalma cephane deposu ele ge\u00e7irdiklerini belirtti<\/p>\n","protected":false},"excerpt":{"rendered":"<p>SANA muhabiri; g\u00fcvenlik birimlerimizin \u015eam k\u0131rsal\u0131nda yer alan Yelda Beldesinde ter\u00f6r gruplar\u0131ndan kalma cephane deposu ele ge\u00e7irdiklerini belirtti<\/p>\n","protected":false},"author":1,"featured_media":0,"comment_status":"closed","ping_status":"closed","sticky":false,"template":"","format":"standard","meta":{"footnotes":""},"categories":[17991],"tags":[],"class_list":["post-185003","post","type-post","status-publish","format-standard","","category-son-dakika"],"_links":{"self":[{"href":"https:\/\/archive.sana.sy\/tr\/index.php?rest_route=\/wp\/v2\/posts\/185003","targetHints":{"allow":["GET"]}}],"collection":[{"href":"https:\/\/archive.sana.sy\/tr\/index.php?rest_route=\/wp\/v2\/posts"}],"about":[{"href":"https:\/\/archive.sana.sy\/tr\/index.php?rest_route=\/wp\/v2\/types\/post"}],"author":[{"embeddable":true,"href":"https:\/\/archive.sana.sy\/tr\/index.php?rest_route=\/wp\/v2\/users\/1"}],"replies":[{"embeddable":true,"href":"https:\/\/archive.sana.sy\/tr\/index.php?rest_route=%2Fwp%2Fv2%2Fcomments&post=185003"}],"version-history":[{"count":0,"href":"https:\/\/archive.sana.sy\/tr\/index.php?rest_route=\/wp\/v2\/posts\/185003\/revisions"}],"wp:attachment":[{"href":"https:\/\/archive.sana.sy\/tr\/index.php?rest_route=%2Fwp%2Fv2%2Fmedia&parent=185003"}],"wp:term":[{"taxonomy":"category","embeddable":true,"href":"https:\/\/archive.sana.sy\/tr\/index.php?rest_route=%2Fwp%2Fv2%2Fcategories&post=185003"},{"taxonomy":"post_tag","embeddable":true,"href":"https:\/\/archive.sana.sy\/tr\/index.php?rest_route=%2Fwp%2Fv2%2Ftags&post=185003"}],"curies":[{"name":"wp","href":"https:\/\/api.w.org\/{rel}","templated":true}]}}