{"id":185009,"date":"2019-06-20T14:35:03","date_gmt":"2019-06-20T11:35:03","guid":{"rendered":"http:\/\/www.sana.sy\/tr\/?p=185009"},"modified":"2019-06-22T13:52:33","modified_gmt":"2019-06-22T10:52:33","slug":"radikal-teror-deposunda-israil-menseli-bombalar-bulundu","status":"publish","type":"post","link":"https:\/\/archive.sana.sy\/tr\/?p=185009","title":{"rendered":"Radikal Ter\u00f6r Deposunda \u0130srail Men\u015feli Bombalar Bulundu"},"content":{"rendered":"<p>\u015eAM KIRSALI \u2013 Ter\u00f6r gruplar\u0131n\u0131n yok edildikten sonra kurtar\u0131lan b\u00f6lgelerde g\u00fcvenlik birimlerimizin s\u00fcrd\u00fcrd\u00fckleri arama tarama operasyonlar\u0131 \u00e7er\u00e7evesinde, \u015eam k\u0131rsal\u0131nda bulunan Yelda Beldesinde silah ve cephane deposu ele ge\u00e7irildi.<\/p>\n<p>SANA muhabiri; g\u00fcvenlik birimlerimizin \u015eam k\u0131rsal\u0131nda yer alan Yelda Beldesinde radikal ter\u00f6r gruplar\u0131ndan kalma cephane deposunu ele ge\u00e7irdiklerini belirtti.<\/p>\n<p>Muhabir; ele ge\u00e7irilen depoda farkl\u0131 t\u00fcr silahlar ve cephanenin yan\u0131 s\u0131ra \u0130srail men\u015feli bomba \u00e7e\u015fitlerinin bulunduklar\u0131n\u0131 aktard\u0131.<\/p>\n<p>\u00c7eviri: P.M.<\/p>\n<div id='gallery-1' class='gallery galleryid-185009 gallery-columns-1 gallery-size-full'><figure class='gallery-item'>\n\t\t\t<div class='gallery-icon landscape'>\n\t\t\t\t<a href='https:\/\/archive.sana.sy\/tr\/wp-content\/uploads\/2019\/06\/005-2-300x189.jpg'><img loading=\"lazy\" decoding=\"async\" width=\"300\" height=\"189\" src=\"https:\/\/archive.sana.sy\/tr\/wp-content\/uploads\/2019\/06\/005-2-300x189.jpg\" class=\"attachment-full size-full\" alt=\"\" srcset=\"https:\/\/archive.sana.sy\/tr\/wp-content\/uploads\/2019\/06\/005-2-300x189.jpg 300w, https:\/\/archive.sana.sy\/tr\/wp-content\/uploads\/2019\/06\/005-2-300x189-150x95.jpg 150w\" sizes=\"auto, (max-width: 300px) 100vw, 300px\" \/><\/a>\n\t\t\t<\/div><\/figure>\n\t\t<\/div>\n\n","protected":false},"excerpt":{"rendered":"<p>\u015eAM KIRSALI \u2013 Ter\u00f6r gruplar\u0131n\u0131n yok edildikten sonra kurtar\u0131lan b\u00f6lgelerde g\u00fcvenlik birimlerimizin s\u00fcrd\u00fcrd\u00fckleri arama tarama operasyonlar\u0131 \u00e7er\u00e7evesinde, \u015eam k\u0131rsal\u0131nda bulunan Yelda Beldesinde silah ve cephane deposu ele ge\u00e7irildi. SANA muhabiri; g\u00fcvenlik birimlerimizin \u015eam k\u0131rsal\u0131nda yer alan Yelda Beldesinde radikal ter\u00f6r gruplar\u0131ndan kalma cephane deposunu ele ge\u00e7irdiklerini belirtti. Muhabir; ele ge\u00e7irilen depoda farkl\u0131 t\u00fcr silahlar ve &hellip;<\/p>\n","protected":false},"author":1,"featured_media":185010,"comment_status":"closed","ping_status":"closed","sticky":false,"template":"","format":"standard","meta":{"footnotes":""},"categories":[596,479,575,17988,478],"tags":[],"class_list":["post-185009","post","type-post","status-publish","format-standard","has-post-thumbnail","","category-fotografli-raporlar","category-haberler-yerel","category-olaylar-ve-gercekler","category-son-haberler","category-yerel"],"_links":{"self":[{"href":"https:\/\/archive.sana.sy\/tr\/index.php?rest_route=\/wp\/v2\/posts\/185009","targetHints":{"allow":["GET"]}}],"collection":[{"href":"https:\/\/archive.sana.sy\/tr\/index.php?rest_route=\/wp\/v2\/posts"}],"about":[{"href":"https:\/\/archive.sana.sy\/tr\/index.php?rest_route=\/wp\/v2\/types\/post"}],"author":[{"embeddable":true,"href":"https:\/\/archive.sana.sy\/tr\/index.php?rest_route=\/wp\/v2\/users\/1"}],"replies":[{"embeddable":true,"href":"https:\/\/archive.sana.sy\/tr\/index.php?rest_route=%2Fwp%2Fv2%2Fcomments&post=185009"}],"version-history":[{"count":0,"href":"https:\/\/archive.sana.sy\/tr\/index.php?rest_route=\/wp\/v2\/posts\/185009\/revisions"}],"wp:featuredmedia":[{"embeddable":true,"href":"https:\/\/archive.sana.sy\/tr\/index.php?rest_route=\/wp\/v2\/media\/185010"}],"wp:attachment":[{"href":"https:\/\/archive.sana.sy\/tr\/index.php?rest_route=%2Fwp%2Fv2%2Fmedia&parent=185009"}],"wp:term":[{"taxonomy":"category","embeddable":true,"href":"https:\/\/archive.sana.sy\/tr\/index.php?rest_route=%2Fwp%2Fv2%2Fcategories&post=185009"},{"taxonomy":"post_tag","embeddable":true,"href":"https:\/\/archive.sana.sy\/tr\/index.php?rest_route=%2Fwp%2Fv2%2Ftags&post=185009"}],"curies":[{"name":"wp","href":"https:\/\/api.w.org\/{rel}","templated":true}]}}