{"id":185105,"date":"2019-06-23T13:26:39","date_gmt":"2019-06-23T10:26:39","guid":{"rendered":"http:\/\/www.sana.sy\/tr\/?p=185105"},"modified":"2019-06-24T13:43:24","modified_gmt":"2019-06-24T10:43:24","slug":"suriye-eserleri-ziyaretcilerin-ilgi-odagi-oldu","status":"publish","type":"post","link":"https:\/\/archive.sana.sy\/tr\/?p=185105","title":{"rendered":"Suriye Eserleri Ziyaret\u00e7ilerin \u0130lgi Oda\u011f\u0131 Oldu"},"content":{"rendered":"<p style=\"text-align: justify\">PEK\u0130N \u2013\u00c7in&#8217;in ba\u015fkenti Pekin&#8217;deki Ulusal M\u00fcze&#8217;de Asya k\u0131tas\u0131nda arkeoloji alan\u0131nda uzman &#8220;Asya Medeniyetleri &#8211; Asya Ba\u015fyap\u0131tlar\u0131&#8221; fuar\u0131na kat\u0131lan Suriye reyonu fuar ziyaret\u00e7ilerinin b\u00fcy\u00fck ak\u0131n\u0131na u\u011frad\u0131.<\/p>\n<p style=\"text-align: justify\">Suriye reyonu, Suriye&#8217;nin uygarl\u0131\u011f\u0131 ve asaleti hakk\u0131nda net bir fikir sunmak i\u00e7in tarih \u00f6ncesi d\u00f6nemlere ve \u0130slami \u00e7a\u011flara dayanan 37 adet antik eser i\u00e7ermektedir.<\/p>\n<p style=\"text-align: justify\">Tarihi Eserler ve M\u00fczeler Genel M\u00fcd\u00fcr\u00fc Dr. Mahmud Hammud SANA&#8217;ya a\u00e7\u0131klamas\u0131nda, 23 Asya \u00fclkesinin 451 par\u00e7a ile kat\u0131ld\u0131\u011f\u0131 fuardaki Suriye kat\u0131l\u0131m\u0131n\u0131n, Tarihi Eserler M\u00fcd\u00fcrl\u00fc\u011f\u00fc ile \u00c7in Ulusal M\u00fczesi aras\u0131ndaki i\u015fbirli\u011fi m\u00fcfredat\u0131nda t\u00fcr\u00fcn\u00fcn ilk \u00f6rne\u011fi olarak nitelendirdi.<\/p>\n<p style=\"text-align: justify\">Hammud, Suriye arkeolojik eserlerinin fuar ziyaret\u00e7ileri taraf\u0131ndan yo\u011fun ilgiye sahip oldu\u011funu ve \u00c7in halk\u0131n\u0131 Suriye&#8217;nin k\u00fclt\u00fcr\u00fc ve miras\u0131 hakk\u0131nda bilgi veren fuar sayesinde fuar ziyaret\u00e7ileri taraf\u0131ndan g\u00f6r\u00fclmesinin sa\u011fland\u0131\u011f\u0131n\u0131 belirtti..<\/p>\n<p style=\"text-align: justify\">Hammud, ter\u00f6r \u00f6rg\u00fctleri taraf\u0131ndan y\u0131k\u0131ma u\u011frayan Suriye\u2019nin arkeolojik miras\u0131n\u0131n korunmas\u0131nda destek verdi\u011fi i\u00e7in \u00c7in\u2019e \u015f\u00fckranlar\u0131n\u0131 sunarak, \u00c7in taraf\u0131yla \u00f6n\u00fcm\u00fczdeki g\u00fcnlerde bu alanda i\u015fbirli\u011fini geni\u015fletme planlar\u0131na i\u015faret etti.<\/p>\n<div id='gallery-1' class='gallery galleryid-185105 gallery-columns-4 gallery-size-thumbnail'><figure class='gallery-item'>\n\t\t\t<div class='gallery-icon landscape'>\n\t\t\t\t<a href='https:\/\/archive.sana.sy\/tr\/wp-content\/uploads\/2019\/06\/photo_2019-06-23_16-07-51.jpg'><img loading=\"lazy\" decoding=\"async\" width=\"150\" height=\"113\" src=\"https:\/\/archive.sana.sy\/tr\/wp-content\/uploads\/2019\/06\/photo_2019-06-23_16-07-51-150x113.jpg\" class=\"attachment-thumbnail size-thumbnail\" alt=\"\" srcset=\"https:\/\/archive.sana.sy\/tr\/wp-content\/uploads\/2019\/06\/photo_2019-06-23_16-07-51-150x113.jpg 150w, https:\/\/archive.sana.sy\/tr\/wp-content\/uploads\/2019\/06\/photo_2019-06-23_16-07-51-300x225.jpg 300w, https:\/\/archive.sana.sy\/tr\/wp-content\/uploads\/2019\/06\/photo_2019-06-23_16-07-51.jpg 688w\" sizes=\"auto, (max-width: 150px) 100vw, 150px\" \/><\/a>\n\t\t\t<\/div><\/figure><figure class='gallery-item'>\n\t\t\t<div class='gallery-icon landscape'>\n\t\t\t\t<a href='https:\/\/archive.sana.sy\/tr\/wp-content\/uploads\/2019\/06\/photo_2019-06-23_16-07-54.jpg'><img loading=\"lazy\" decoding=\"async\" width=\"150\" height=\"108\" src=\"https:\/\/archive.sana.sy\/tr\/wp-content\/uploads\/2019\/06\/photo_2019-06-23_16-07-54-150x108.jpg\" class=\"attachment-thumbnail size-thumbnail\" alt=\"\" srcset=\"https:\/\/archive.sana.sy\/tr\/wp-content\/uploads\/2019\/06\/photo_2019-06-23_16-07-54-150x108.jpg 150w, https:\/\/archive.sana.sy\/tr\/wp-content\/uploads\/2019\/06\/photo_2019-06-23_16-07-54-300x217.jpg 300w, https:\/\/archive.sana.sy\/tr\/wp-content\/uploads\/2019\/06\/photo_2019-06-23_16-07-54.jpg 656w\" sizes=\"auto, (max-width: 150px) 100vw, 150px\" \/><\/a>\n\t\t\t<\/div><\/figure><figure class='gallery-item'>\n\t\t\t<div class='gallery-icon landscape'>\n\t\t\t\t<a href='https:\/\/archive.sana.sy\/tr\/wp-content\/uploads\/2019\/06\/photo_2019-06-23_16-07-57.jpg'><img loading=\"lazy\" decoding=\"async\" width=\"150\" height=\"105\" src=\"https:\/\/archive.sana.sy\/tr\/wp-content\/uploads\/2019\/06\/photo_2019-06-23_16-07-57-150x105.jpg\" class=\"attachment-thumbnail size-thumbnail\" alt=\"\" srcset=\"https:\/\/archive.sana.sy\/tr\/wp-content\/uploads\/2019\/06\/photo_2019-06-23_16-07-57-150x105.jpg 150w, https:\/\/archive.sana.sy\/tr\/wp-content\/uploads\/2019\/06\/photo_2019-06-23_16-07-57-300x209.jpg 300w, https:\/\/archive.sana.sy\/tr\/wp-content\/uploads\/2019\/06\/photo_2019-06-23_16-07-57.jpg 571w\" sizes=\"auto, (max-width: 150px) 100vw, 150px\" \/><\/a>\n\t\t\t<\/div><\/figure><figure class='gallery-item'>\n\t\t\t<div class='gallery-icon landscape'>\n\t\t\t\t<a href='https:\/\/archive.sana.sy\/tr\/wp-content\/uploads\/2019\/06\/photo_2019-06-23_16-08-03.jpg'><img loading=\"lazy\" decoding=\"async\" width=\"150\" height=\"112\" src=\"https:\/\/archive.sana.sy\/tr\/wp-content\/uploads\/2019\/06\/photo_2019-06-23_16-08-03-150x112.jpg\" class=\"attachment-thumbnail size-thumbnail\" alt=\"\" srcset=\"https:\/\/archive.sana.sy\/tr\/wp-content\/uploads\/2019\/06\/photo_2019-06-23_16-08-03-150x112.jpg 150w, https:\/\/archive.sana.sy\/tr\/wp-content\/uploads\/2019\/06\/photo_2019-06-23_16-08-03-300x225.jpg 300w, https:\/\/archive.sana.sy\/tr\/wp-content\/uploads\/2019\/06\/photo_2019-06-23_16-08-03.jpg 739w\" sizes=\"auto, (max-width: 150px) 100vw, 150px\" \/><\/a>\n\t\t\t<\/div><\/figure>\n\t\t<\/div>\n\n","protected":false},"excerpt":{"rendered":"<p>PEK\u0130N \u2013\u00c7in&#8217;in ba\u015fkenti Pekin&#8217;deki Ulusal M\u00fcze&#8217;de Asya k\u0131tas\u0131nda arkeoloji alan\u0131nda uzman &#8220;Asya Medeniyetleri &#8211; Asya Ba\u015fyap\u0131tlar\u0131&#8221; fuar\u0131na kat\u0131lan Suriye reyonu fuar ziyaret\u00e7ilerinin b\u00fcy\u00fck ak\u0131n\u0131na u\u011frad\u0131. Suriye reyonu, Suriye&#8217;nin uygarl\u0131\u011f\u0131 ve asaleti hakk\u0131nda net bir fikir sunmak i\u00e7in tarih \u00f6ncesi d\u00f6nemlere ve \u0130slami \u00e7a\u011flara dayanan 37 adet antik eser i\u00e7ermektedir. Tarihi Eserler ve M\u00fczeler Genel M\u00fcd\u00fcr\u00fc &hellip;<\/p>\n","protected":false},"author":1,"featured_media":185106,"comment_status":"closed","ping_status":"closed","sticky":false,"template":"","format":"standard","meta":{"footnotes":""},"categories":[596,516,511,17988],"tags":[],"class_list":["post-185105","post","type-post","status-publish","format-standard","has-post-thumbnail","","category-fotografli-raporlar","category-haberler-kultur-ve-sanat","category-kultur-ve-sanat","category-son-haberler"],"_links":{"self":[{"href":"https:\/\/archive.sana.sy\/tr\/index.php?rest_route=\/wp\/v2\/posts\/185105","targetHints":{"allow":["GET"]}}],"collection":[{"href":"https:\/\/archive.sana.sy\/tr\/index.php?rest_route=\/wp\/v2\/posts"}],"about":[{"href":"https:\/\/archive.sana.sy\/tr\/index.php?rest_route=\/wp\/v2\/types\/post"}],"author":[{"embeddable":true,"href":"https:\/\/archive.sana.sy\/tr\/index.php?rest_route=\/wp\/v2\/users\/1"}],"replies":[{"embeddable":true,"href":"https:\/\/archive.sana.sy\/tr\/index.php?rest_route=%2Fwp%2Fv2%2Fcomments&post=185105"}],"version-history":[{"count":0,"href":"https:\/\/archive.sana.sy\/tr\/index.php?rest_route=\/wp\/v2\/posts\/185105\/revisions"}],"wp:featuredmedia":[{"embeddable":true,"href":"https:\/\/archive.sana.sy\/tr\/index.php?rest_route=\/wp\/v2\/media\/185106"}],"wp:attachment":[{"href":"https:\/\/archive.sana.sy\/tr\/index.php?rest_route=%2Fwp%2Fv2%2Fmedia&parent=185105"}],"wp:term":[{"taxonomy":"category","embeddable":true,"href":"https:\/\/archive.sana.sy\/tr\/index.php?rest_route=%2Fwp%2Fv2%2Fcategories&post=185105"},{"taxonomy":"post_tag","embeddable":true,"href":"https:\/\/archive.sana.sy\/tr\/index.php?rest_route=%2Fwp%2Fv2%2Ftags&post=185105"}],"curies":[{"name":"wp","href":"https:\/\/api.w.org\/{rel}","templated":true}]}}