{"id":185316,"date":"2019-06-29T14:16:44","date_gmt":"2019-06-29T11:16:44","guid":{"rendered":"http:\/\/www.sana.sy\/tr\/?p=185316"},"modified":"2019-06-30T14:25:45","modified_gmt":"2019-06-30T11:25:45","slug":"suriyede-kalan-teror-varligi-yok-edilmeli","status":"publish","type":"post","link":"https:\/\/archive.sana.sy\/tr\/?p=185316","title":{"rendered":"Suriye\u2019de Kalan Ter\u00f6r Varl\u0131\u011f\u0131 Yok Edilmeli"},"content":{"rendered":"<p>OSAKA \u2013 Japonya\u2019n\u0131n Osaka Kentinde d\u00fczenlenen G20 zirvesine kat\u0131lan Rusya Ba\u015fkan\u0131 Vladimir Putin Suriye\u2019de kalan ter\u00f6r gruplar\u0131n\u0131n yok edilmesinin \u00f6nemine yeniden vurgu yapt\u0131.<\/p>\n<p>G20 Zirvesinin sonu\u00e7 toplant\u0131lar\u0131nda yapt\u0131\u011f\u0131 bas\u0131n toplant\u0131s\u0131nda Putin; Suriye\u2019nin baz\u0131 b\u00f6lgelerinde kalan ter\u00f6r gruplar\u0131n\u0131n yok edilmesinin \u00f6nemini vurgularken ter\u00f6rle m\u00fccadele \u00e7abalar\u0131n\u0131 koordine etme amac\u0131yla ABD ve T\u00fcrkiye ile daimi g\u00f6r\u00fc\u015fmelerde bulunduklar\u0131na i\u015faret etti.<\/p>\n<p>\u00c7eviri: P.M.<\/p>\n","protected":false},"excerpt":{"rendered":"<p>OSAKA \u2013 Japonya\u2019n\u0131n Osaka Kentinde d\u00fczenlenen G20 zirvesine kat\u0131lan Rusya Ba\u015fkan\u0131 Vladimir Putin Suriye\u2019de kalan ter\u00f6r gruplar\u0131n\u0131n yok edilmesinin \u00f6nemine yeniden vurgu yapt\u0131. G20 Zirvesinin sonu\u00e7 toplant\u0131lar\u0131nda yapt\u0131\u011f\u0131 bas\u0131n toplant\u0131s\u0131nda Putin; Suriye\u2019nin baz\u0131 b\u00f6lgelerinde kalan ter\u00f6r gruplar\u0131n\u0131n yok edilmesinin \u00f6nemini vurgularken ter\u00f6rle m\u00fccadele \u00e7abalar\u0131n\u0131 koordine etme amac\u0131yla ABD ve T\u00fcrkiye ile daimi g\u00f6r\u00fc\u015fmelerde bulunduklar\u0131na i\u015faret &hellip;<\/p>\n","protected":false},"author":1,"featured_media":185319,"comment_status":"closed","ping_status":"closed","sticky":false,"template":"","format":"standard","meta":{"footnotes":""},"categories":[458,459,17988],"tags":[],"class_list":["post-185316","post","type-post","status-publish","format-standard","has-post-thumbnail","","category-dunya1","category-haberler-arap-uluslararasi-politika","category-son-haberler"],"_links":{"self":[{"href":"https:\/\/archive.sana.sy\/tr\/index.php?rest_route=\/wp\/v2\/posts\/185316","targetHints":{"allow":["GET"]}}],"collection":[{"href":"https:\/\/archive.sana.sy\/tr\/index.php?rest_route=\/wp\/v2\/posts"}],"about":[{"href":"https:\/\/archive.sana.sy\/tr\/index.php?rest_route=\/wp\/v2\/types\/post"}],"author":[{"embeddable":true,"href":"https:\/\/archive.sana.sy\/tr\/index.php?rest_route=\/wp\/v2\/users\/1"}],"replies":[{"embeddable":true,"href":"https:\/\/archive.sana.sy\/tr\/index.php?rest_route=%2Fwp%2Fv2%2Fcomments&post=185316"}],"version-history":[{"count":0,"href":"https:\/\/archive.sana.sy\/tr\/index.php?rest_route=\/wp\/v2\/posts\/185316\/revisions"}],"wp:featuredmedia":[{"embeddable":true,"href":"https:\/\/archive.sana.sy\/tr\/index.php?rest_route=\/wp\/v2\/media\/185319"}],"wp:attachment":[{"href":"https:\/\/archive.sana.sy\/tr\/index.php?rest_route=%2Fwp%2Fv2%2Fmedia&parent=185316"}],"wp:term":[{"taxonomy":"category","embeddable":true,"href":"https:\/\/archive.sana.sy\/tr\/index.php?rest_route=%2Fwp%2Fv2%2Fcategories&post=185316"},{"taxonomy":"post_tag","embeddable":true,"href":"https:\/\/archive.sana.sy\/tr\/index.php?rest_route=%2Fwp%2Fv2%2Ftags&post=185316"}],"curies":[{"name":"wp","href":"https:\/\/api.w.org\/{rel}","templated":true}]}}