{"id":185328,"date":"2019-06-29T22:01:06","date_gmt":"2019-06-29T19:01:06","guid":{"rendered":"http:\/\/www.sana.sy\/tr\/?p=185328"},"modified":"2019-07-01T14:21:04","modified_gmt":"2019-07-01T11:21:04","slug":"karateci-meryem-turayfiden-dunya-kulupler-sampiyonasinda-altin-madalya","status":"publish","type":"post","link":"https:\/\/archive.sana.sy\/tr\/?p=185328","title":{"rendered":"Karateci Meryem Turayfi&#8217;den D\u00fcnya Kul\u00fcpler \u015eampiyonas\u0131nda Alt\u0131n Madalya"},"content":{"rendered":"<p style=\"text-align: justify;\">KUALALUMPUR \u2013 Suriyeli karate oyuncusu Meryem Turayfi, 15 \u00fclkeyi temsil eden kul\u00fcplerin kat\u0131l\u0131m\u0131yla Malezya&#8217;n\u0131n Silangor \u015fehrinde d\u00fczenlenen D\u00fcnya Kulupler \u015eampiyonas\u0131nda alt\u0131n madalyan\u0131n sahibi oldu.<\/p>\n<p style=\"text-align: justify;\"><a href=\"http:\/\/www.sana.sy\/tr\/wp-content\/uploads\/2019\/06\/12-2.jpg\"><img loading=\"lazy\" decoding=\"async\" class=\"alignright size-medium wp-image-185330\" src=\"http:\/\/www.sana.sy\/tr\/wp-content\/uploads\/2019\/06\/12-2-300x196.jpg\" alt=\"\" width=\"300\" height=\"196\" srcset=\"https:\/\/archive.sana.sy\/tr\/wp-content\/uploads\/2019\/06\/12-2-300x196.jpg 300w, https:\/\/archive.sana.sy\/tr\/wp-content\/uploads\/2019\/06\/12-2-150x98.jpg 150w, https:\/\/archive.sana.sy\/tr\/wp-content\/uploads\/2019\/06\/12-2.jpg 374w\" sizes=\"auto, (max-width: 300px) 100vw, 300px\" \/><\/a>Lazkiye \u0130\u015f\u00e7iler Kul\u00fcb\u00fc Y\u00f6neticisi Heysem Habib SANA spor muhabirinin kendisiyle d\u00fczenledi\u011fi telefon g\u00f6r\u00fc\u015fmesinde, Meryem&#8217;in 43 kg kategorisinde ev sahibi Malezya oyuncusu ile final kar\u015f\u0131la\u015fmas\u0131n\u0131 6-0 ile kazand\u0131\u011f\u0131n\u0131 belirterek, erkek oyuncu Cafer Mellah&#8217;\u0131n yar\u0131n 68 kg kategorisinde Singapur \u015fampiyonu ile bir araya gelece\u011fine i\u015faret etti.<\/p>\n<p style=\"text-align: justify;\">\u00d6te yandan, D\u00fcnya Karate Federasyonu&#8217;ndan global e\u011fitim sertifikas\u0131 alan antren\u00f6r \u0130sam Kudsi, Malezya&#8217;daki D\u00fcnya Kul\u00fcpler \u015eampiyonas\u0131 yan\u0131nda d\u00fczenlenecek olan 2019 D\u00fcnya Antren\u00f6rleri finallerine kat\u0131lacak.<\/p>\n<p>\u00c7eviri: S. \u015eahhut.<\/p>\n","protected":false},"excerpt":{"rendered":"<p>KUALALUMPUR \u2013 Suriyeli karate oyuncusu Meryem Turayfi, 15 \u00fclkeyi temsil eden kul\u00fcplerin kat\u0131l\u0131m\u0131yla Malezya&#8217;n\u0131n Silangor \u015fehrinde d\u00fczenlenen D\u00fcnya Kulupler \u015eampiyonas\u0131nda alt\u0131n madalyan\u0131n sahibi oldu. Lazkiye \u0130\u015f\u00e7iler Kul\u00fcb\u00fc Y\u00f6neticisi Heysem Habib SANA spor muhabirinin kendisiyle d\u00fczenledi\u011fi telefon g\u00f6r\u00fc\u015fmesinde, Meryem&#8217;in 43 kg kategorisinde ev sahibi Malezya oyuncusu ile final kar\u015f\u0131la\u015fmas\u0131n\u0131 6-0 ile kazand\u0131\u011f\u0131n\u0131 belirterek, erkek oyuncu Cafer &hellip;<\/p>\n","protected":false},"author":1,"featured_media":185329,"comment_status":"closed","ping_status":"closed","sticky":false,"template":"","format":"standard","meta":{"footnotes":""},"categories":[498,17988,496],"tags":[],"class_list":["post-185328","post","type-post","status-publish","format-standard","has-post-thumbnail","","category-dunya-turnuvalari","category-son-haberler","category-spor"],"_links":{"self":[{"href":"https:\/\/archive.sana.sy\/tr\/index.php?rest_route=\/wp\/v2\/posts\/185328","targetHints":{"allow":["GET"]}}],"collection":[{"href":"https:\/\/archive.sana.sy\/tr\/index.php?rest_route=\/wp\/v2\/posts"}],"about":[{"href":"https:\/\/archive.sana.sy\/tr\/index.php?rest_route=\/wp\/v2\/types\/post"}],"author":[{"embeddable":true,"href":"https:\/\/archive.sana.sy\/tr\/index.php?rest_route=\/wp\/v2\/users\/1"}],"replies":[{"embeddable":true,"href":"https:\/\/archive.sana.sy\/tr\/index.php?rest_route=%2Fwp%2Fv2%2Fcomments&post=185328"}],"version-history":[{"count":0,"href":"https:\/\/archive.sana.sy\/tr\/index.php?rest_route=\/wp\/v2\/posts\/185328\/revisions"}],"wp:featuredmedia":[{"embeddable":true,"href":"https:\/\/archive.sana.sy\/tr\/index.php?rest_route=\/wp\/v2\/media\/185329"}],"wp:attachment":[{"href":"https:\/\/archive.sana.sy\/tr\/index.php?rest_route=%2Fwp%2Fv2%2Fmedia&parent=185328"}],"wp:term":[{"taxonomy":"category","embeddable":true,"href":"https:\/\/archive.sana.sy\/tr\/index.php?rest_route=%2Fwp%2Fv2%2Fcategories&post=185328"},{"taxonomy":"post_tag","embeddable":true,"href":"https:\/\/archive.sana.sy\/tr\/index.php?rest_route=%2Fwp%2Fv2%2Ftags&post=185328"}],"curies":[{"name":"wp","href":"https:\/\/api.w.org\/{rel}","templated":true}]}}