{"id":185356,"date":"2019-06-30T15:18:26","date_gmt":"2019-06-30T12:18:26","guid":{"rendered":"http:\/\/www.sana.sy\/tr\/?p=185356"},"modified":"2019-07-01T15:29:47","modified_gmt":"2019-07-01T12:29:47","slug":"hama-kirsalinda-sivilleri-bombalamaya-devam-ediyorlar","status":"publish","type":"post","link":"https:\/\/archive.sana.sy\/tr\/?p=185356","title":{"rendered":"Hama K\u0131rsal\u0131nda Sivilleri Bombalamaya Devam Ediyorlar"},"content":{"rendered":"<p>HAMA \u2013 \u0130dlib ve Hama k\u0131rsal\u0131nda belli ba\u015fl\u0131 d\u0131\u015f g\u00fc\u00e7lerin destek ve talimatlar\u0131yla hareket eden ve uluslararas\u0131 radikal ter\u00f6r \u00f6rg\u00fctleri listesinde yer alan Nusra Cephesine tabi ter\u00f6ristler Hama k\u0131rsal\u0131n\u0131n farkl\u0131 belde ve k\u00f6ylerinde masum sivilleri gaddar f\u00fczelerle bombalamaya devam ediyorlar.<\/p>\n<p>SANA\u2019n\u0131n Hama muhabiri Hama k\u0131rsal\u0131n\u0131n kuzeyi Latamina Kasabas\u0131nda bulunan Nusra Cephesine tabi radikal ter\u00f6ristlerin bug\u00fcn yine Mharde Kentinin yan\u0131 s\u0131ra Izeyziye ve Breydic beldelerinde masum sivilleri gaddar f\u00fczelerle hedef ald\u0131klar\u0131n\u0131 belirtti. Muhabir ter\u00f6r f\u00fczelerin bir k\u0131sm\u0131n\u0131n vatanda\u015flar\u0131n evleri \u00fczerine d\u00fc\u015ft\u00fcklerini ifade etti. \u015eans eseri be\u015feri isabetlerin olmad\u0131\u011f\u0131n\u0131 s\u00f6yleyen muhabir; fakat bir\u00e7ok evin yan\u0131 s\u0131ra altyap\u0131 ve hizmet \u015febekelerinde maddi hasarlar\u0131n meydana geldi\u011fine dikkat \u00e7ekti.<\/p>\n<p>Hama muhabiri Mharde Kentinin kuzeyinde vatan ve vatanda\u015flar\u0131n g\u00fcvenli\u011fini d\u0131\u015f destekli radikal ter\u00f6ristlere kar\u015f\u0131 koruma ama\u00e7l\u0131 bulunan ordu birliklerimizin sald\u0131rgan ter\u00f6ristlerin mevkilerini tespit ettiklerini belirtti. Bunun \u00fczerine ter\u00f6ristlerin sivillere sald\u0131r\u0131lar\u0131nda kulland\u0131klar\u0131 f\u00fcze rampalar\u0131 ve komuta karargahlar\u0131n\u0131 dakik silahlarla imha ettiklerini kaydeden muhabir; ter\u00f6ristleri ciddi kay\u0131plara u\u011fratt\u0131klar\u0131n\u0131 s\u00f6zlerine ekledi.<\/p>\n","protected":false},"excerpt":{"rendered":"<p>HAMA \u2013 \u0130dlib ve Hama k\u0131rsal\u0131nda belli ba\u015fl\u0131 d\u0131\u015f g\u00fc\u00e7lerin destek ve talimatlar\u0131yla hareket eden ve uluslararas\u0131 radikal ter\u00f6r \u00f6rg\u00fctleri listesinde yer alan Nusra Cephesine tabi ter\u00f6ristler Hama k\u0131rsal\u0131n\u0131n farkl\u0131 belde ve k\u00f6ylerinde masum sivilleri gaddar f\u00fczelerle bombalamaya devam ediyorlar. SANA\u2019n\u0131n Hama muhabiri Hama k\u0131rsal\u0131n\u0131n kuzeyi Latamina Kasabas\u0131nda bulunan Nusra Cephesine tabi radikal ter\u00f6ristlerin bug\u00fcn &hellip;<\/p>\n","protected":false},"author":1,"featured_media":185378,"comment_status":"closed","ping_status":"closed","sticky":false,"template":"","format":"standard","meta":{"footnotes":""},"categories":[479,575,17988,478],"tags":[],"class_list":["post-185356","post","type-post","status-publish","format-standard","has-post-thumbnail","","category-haberler-yerel","category-olaylar-ve-gercekler","category-son-haberler","category-yerel"],"_links":{"self":[{"href":"https:\/\/archive.sana.sy\/tr\/index.php?rest_route=\/wp\/v2\/posts\/185356","targetHints":{"allow":["GET"]}}],"collection":[{"href":"https:\/\/archive.sana.sy\/tr\/index.php?rest_route=\/wp\/v2\/posts"}],"about":[{"href":"https:\/\/archive.sana.sy\/tr\/index.php?rest_route=\/wp\/v2\/types\/post"}],"author":[{"embeddable":true,"href":"https:\/\/archive.sana.sy\/tr\/index.php?rest_route=\/wp\/v2\/users\/1"}],"replies":[{"embeddable":true,"href":"https:\/\/archive.sana.sy\/tr\/index.php?rest_route=%2Fwp%2Fv2%2Fcomments&post=185356"}],"version-history":[{"count":0,"href":"https:\/\/archive.sana.sy\/tr\/index.php?rest_route=\/wp\/v2\/posts\/185356\/revisions"}],"wp:featuredmedia":[{"embeddable":true,"href":"https:\/\/archive.sana.sy\/tr\/index.php?rest_route=\/wp\/v2\/media\/185378"}],"wp:attachment":[{"href":"https:\/\/archive.sana.sy\/tr\/index.php?rest_route=%2Fwp%2Fv2%2Fmedia&parent=185356"}],"wp:term":[{"taxonomy":"category","embeddable":true,"href":"https:\/\/archive.sana.sy\/tr\/index.php?rest_route=%2Fwp%2Fv2%2Fcategories&post=185356"},{"taxonomy":"post_tag","embeddable":true,"href":"https:\/\/archive.sana.sy\/tr\/index.php?rest_route=%2Fwp%2Fv2%2Ftags&post=185356"}],"curies":[{"name":"wp","href":"https:\/\/api.w.org\/{rel}","templated":true}]}}