{"id":185367,"date":"2019-06-30T15:08:08","date_gmt":"2019-06-30T12:08:08","guid":{"rendered":"http:\/\/www.sana.sy\/tr\/?p=185367"},"modified":"2019-07-01T14:21:11","modified_gmt":"2019-07-01T11:21:11","slug":"bir-ay-suren-sinav-terleri-sona-erdi","status":"publish","type":"post","link":"https:\/\/archive.sana.sy\/tr\/?p=185367","title":{"rendered":"Bir Ay S\u00fcren S\u0131nav Terleri Sona Erdi"},"content":{"rendered":"<p>\u0130LLER \u2013 Lise \u00f6\u011frencileri sosyal, fen ve ilahiyat b\u00f6l\u00fcmleriyle bug\u00fcn bir ayd\u0131r devam eden \u00fcniversiteye giri\u015f s\u0131navlar\u0131n\u0131 tamamlay\u0131p s\u0131nav teri d\u00f6kmeye son verdiler.<\/p>\n<p>E\u011fitim Bakanl\u0131\u011f\u0131nda yetkili bir kaynak s\u0131nav ka\u011f\u0131tlar\u0131n\u0131n belirlenen cevap anahtarlar\u0131 do\u011frultusunda adil bir \u015fekilde okunup en k\u0131sa zamanda \u00a0puanlar\u0131n a\u00e7\u0131klanaca\u011f\u0131n\u0131 belirtti.<\/p>\n<p>Yetkili s\u0131nav sorular\u0131n\u0131n t\u00fcm derslerde makul ve kapsaml\u0131 d\u00fczeyde olduklar\u0131na dikkat \u00e7ekerken; t\u00fcm \u00f6\u011frencilerin adil bir \u015fekilde haklar\u0131n\u0131 al\u0131p emeklerinin bo\u015fa gitmemesini temenni etti.<\/p>\n","protected":false},"excerpt":{"rendered":"<p>\u0130LLER \u2013 Lise \u00f6\u011frencileri sosyal, fen ve ilahiyat b\u00f6l\u00fcmleriyle bug\u00fcn bir ayd\u0131r devam eden \u00fcniversiteye giri\u015f s\u0131navlar\u0131n\u0131 tamamlay\u0131p s\u0131nav teri d\u00f6kmeye son verdiler. E\u011fitim Bakanl\u0131\u011f\u0131nda yetkili bir kaynak s\u0131nav ka\u011f\u0131tlar\u0131n\u0131n belirlenen cevap anahtarlar\u0131 do\u011frultusunda adil bir \u015fekilde okunup en k\u0131sa zamanda \u00a0puanlar\u0131n a\u00e7\u0131klanaca\u011f\u0131n\u0131 belirtti. Yetkili s\u0131nav sorular\u0131n\u0131n t\u00fcm derslerde makul ve kapsaml\u0131 d\u00fczeyde olduklar\u0131na dikkat &hellip;<\/p>\n","protected":false},"author":1,"featured_media":185368,"comment_status":"closed","ping_status":"closed","sticky":false,"template":"","format":"standard","meta":{"footnotes":""},"categories":[479,17988,478],"tags":[],"class_list":["post-185367","post","type-post","status-publish","format-standard","has-post-thumbnail","","category-haberler-yerel","category-son-haberler","category-yerel"],"_links":{"self":[{"href":"https:\/\/archive.sana.sy\/tr\/index.php?rest_route=\/wp\/v2\/posts\/185367","targetHints":{"allow":["GET"]}}],"collection":[{"href":"https:\/\/archive.sana.sy\/tr\/index.php?rest_route=\/wp\/v2\/posts"}],"about":[{"href":"https:\/\/archive.sana.sy\/tr\/index.php?rest_route=\/wp\/v2\/types\/post"}],"author":[{"embeddable":true,"href":"https:\/\/archive.sana.sy\/tr\/index.php?rest_route=\/wp\/v2\/users\/1"}],"replies":[{"embeddable":true,"href":"https:\/\/archive.sana.sy\/tr\/index.php?rest_route=%2Fwp%2Fv2%2Fcomments&post=185367"}],"version-history":[{"count":0,"href":"https:\/\/archive.sana.sy\/tr\/index.php?rest_route=\/wp\/v2\/posts\/185367\/revisions"}],"wp:featuredmedia":[{"embeddable":true,"href":"https:\/\/archive.sana.sy\/tr\/index.php?rest_route=\/wp\/v2\/media\/185368"}],"wp:attachment":[{"href":"https:\/\/archive.sana.sy\/tr\/index.php?rest_route=%2Fwp%2Fv2%2Fmedia&parent=185367"}],"wp:term":[{"taxonomy":"category","embeddable":true,"href":"https:\/\/archive.sana.sy\/tr\/index.php?rest_route=%2Fwp%2Fv2%2Fcategories&post=185367"},{"taxonomy":"post_tag","embeddable":true,"href":"https:\/\/archive.sana.sy\/tr\/index.php?rest_route=%2Fwp%2Fv2%2Ftags&post=185367"}],"curies":[{"name":"wp","href":"https:\/\/api.w.org\/{rel}","templated":true}]}}