{"id":185370,"date":"2019-06-30T15:16:54","date_gmt":"2019-06-30T12:16:54","guid":{"rendered":"http:\/\/www.sana.sy\/tr\/?p=185370"},"modified":"2019-07-01T15:29:42","modified_gmt":"2019-07-01T12:29:42","slug":"derada-golan-ile-dayanisma-etkinligi","status":"publish","type":"post","link":"https:\/\/archive.sana.sy\/tr\/?p=185370","title":{"rendered":"Dera\u2019da Golan ile Dayan\u0131\u015fma Etkinli\u011fi"},"content":{"rendered":"<p>DERA \u2013 Dera Kentinde bug\u00fcn resmi, sivil ve gen\u00e7lik faaliyetlerinin kat\u0131l\u0131m\u0131yla \u0130srail i\u015fgali alt\u0131ndaki Suriyeli Golan ve Golanl\u0131 yurtta\u015flar\u0131m\u0131z ile dayan\u0131\u015fma etkinli\u011fi d\u00fczenlendi.<\/p>\n<p>\u201cHadi Hep Birlikte\u201d slogan\u0131 alt\u0131nda d\u00fczenlenen etkinlikte Golan ve Golanl\u0131 yurtta\u015flar\u0131m\u0131zla dayan\u0131\u015fma ve onlara destek ama\u00e7l\u0131 olarak \u201cGolan ve Golanl\u0131lara En Uzun Sevgi ve Vefa Mektubu\u201d imzaland\u0131.<\/p>\n<p>Daha \u00f6nce S\u00fcveyda \u0130linde d\u00fczenlenen benzer bir etkinlikte imzalanan en uzun mektubun farkl\u0131 illerde ve b\u00f6lgelerde d\u00fczenlenecek etkinliklerle en az 3 milyon imzan\u0131n toplanmas\u0131 bekleniyor.<\/p>\n<p>D\u00fczenlenen etkinlikte Golan ve Golanl\u0131lar\u0131n Suriyeli olduklar\u0131 ve sonsuza dek Suriyeli kalacaklar\u0131n\u0131n vurgusu yap\u0131l\u0131rken, ne \u0130srail ne de Trump\u2019un bu ger\u00e7e\u011fi hi\u00e7bir \u015fekilde de\u011fi\u015ftiremeyeceklerinin alt\u0131n\u0131 \u00e7izdi.<\/p>\n<div id='gallery-1' class='gallery galleryid-185370 gallery-columns-5 gallery-size-thumbnail'><figure class='gallery-item'>\n\t\t\t<div class='gallery-icon landscape'>\n\t\t\t\t<a href='https:\/\/archive.sana.sy\/tr\/wp-content\/uploads\/2019\/06\/DSC_0636.jpg'><img loading=\"lazy\" decoding=\"async\" width=\"150\" height=\"92\" src=\"https:\/\/archive.sana.sy\/tr\/wp-content\/uploads\/2019\/06\/DSC_0636-150x92.jpg\" class=\"attachment-thumbnail size-thumbnail\" alt=\"\" srcset=\"https:\/\/archive.sana.sy\/tr\/wp-content\/uploads\/2019\/06\/DSC_0636-150x92.jpg 150w, https:\/\/archive.sana.sy\/tr\/wp-content\/uploads\/2019\/06\/DSC_0636-300x184.jpg 300w, https:\/\/archive.sana.sy\/tr\/wp-content\/uploads\/2019\/06\/DSC_0636-768x472.jpg 768w, https:\/\/archive.sana.sy\/tr\/wp-content\/uploads\/2019\/06\/DSC_0636-1024x629.jpg 1024w\" sizes=\"auto, (max-width: 150px) 100vw, 150px\" \/><\/a>\n\t\t\t<\/div><\/figure><figure class='gallery-item'>\n\t\t\t<div class='gallery-icon landscape'>\n\t\t\t\t<a href='https:\/\/archive.sana.sy\/tr\/wp-content\/uploads\/2019\/06\/DSC_0637.jpg'><img loading=\"lazy\" decoding=\"async\" width=\"150\" height=\"91\" src=\"https:\/\/archive.sana.sy\/tr\/wp-content\/uploads\/2019\/06\/DSC_0637-150x91.jpg\" class=\"attachment-thumbnail size-thumbnail\" alt=\"\" srcset=\"https:\/\/archive.sana.sy\/tr\/wp-content\/uploads\/2019\/06\/DSC_0637-150x91.jpg 150w, https:\/\/archive.sana.sy\/tr\/wp-content\/uploads\/2019\/06\/DSC_0637-300x182.jpg 300w, https:\/\/archive.sana.sy\/tr\/wp-content\/uploads\/2019\/06\/DSC_0637-768x465.jpg 768w, https:\/\/archive.sana.sy\/tr\/wp-content\/uploads\/2019\/06\/DSC_0637-1024x621.jpg 1024w\" sizes=\"auto, (max-width: 150px) 100vw, 150px\" \/><\/a>\n\t\t\t<\/div><\/figure><figure class='gallery-item'>\n\t\t\t<div class='gallery-icon landscape'>\n\t\t\t\t<a href='https:\/\/archive.sana.sy\/tr\/wp-content\/uploads\/2019\/06\/DSC_0652.jpg'><img loading=\"lazy\" decoding=\"async\" width=\"150\" height=\"89\" src=\"https:\/\/archive.sana.sy\/tr\/wp-content\/uploads\/2019\/06\/DSC_0652-150x89.jpg\" class=\"attachment-thumbnail size-thumbnail\" alt=\"\" srcset=\"https:\/\/archive.sana.sy\/tr\/wp-content\/uploads\/2019\/06\/DSC_0652-150x89.jpg 150w, https:\/\/archive.sana.sy\/tr\/wp-content\/uploads\/2019\/06\/DSC_0652-300x178.jpg 300w, https:\/\/archive.sana.sy\/tr\/wp-content\/uploads\/2019\/06\/DSC_0652-768x455.jpg 768w, https:\/\/archive.sana.sy\/tr\/wp-content\/uploads\/2019\/06\/DSC_0652-1024x606.jpg 1024w\" sizes=\"auto, (max-width: 150px) 100vw, 150px\" \/><\/a>\n\t\t\t<\/div><\/figure><figure class='gallery-item'>\n\t\t\t<div class='gallery-icon landscape'>\n\t\t\t\t<a href='https:\/\/archive.sana.sy\/tr\/wp-content\/uploads\/2019\/06\/DSC_0654.jpg'><img loading=\"lazy\" decoding=\"async\" width=\"150\" height=\"91\" src=\"https:\/\/archive.sana.sy\/tr\/wp-content\/uploads\/2019\/06\/DSC_0654-150x91.jpg\" class=\"attachment-thumbnail size-thumbnail\" alt=\"\" srcset=\"https:\/\/archive.sana.sy\/tr\/wp-content\/uploads\/2019\/06\/DSC_0654-150x91.jpg 150w, https:\/\/archive.sana.sy\/tr\/wp-content\/uploads\/2019\/06\/DSC_0654-300x182.jpg 300w, https:\/\/archive.sana.sy\/tr\/wp-content\/uploads\/2019\/06\/DSC_0654-768x465.jpg 768w, https:\/\/archive.sana.sy\/tr\/wp-content\/uploads\/2019\/06\/DSC_0654-1024x620.jpg 1024w\" sizes=\"auto, (max-width: 150px) 100vw, 150px\" \/><\/a>\n\t\t\t<\/div><\/figure><figure class='gallery-item'>\n\t\t\t<div class='gallery-icon landscape'>\n\t\t\t\t<a href='https:\/\/archive.sana.sy\/tr\/wp-content\/uploads\/2019\/06\/DSC_0658.jpg'><img loading=\"lazy\" decoding=\"async\" width=\"150\" height=\"100\" src=\"https:\/\/archive.sana.sy\/tr\/wp-content\/uploads\/2019\/06\/DSC_0658-150x100.jpg\" class=\"attachment-thumbnail size-thumbnail\" alt=\"\" srcset=\"https:\/\/archive.sana.sy\/tr\/wp-content\/uploads\/2019\/06\/DSC_0658-150x100.jpg 150w, https:\/\/archive.sana.sy\/tr\/wp-content\/uploads\/2019\/06\/DSC_0658-300x200.jpg 300w, https:\/\/archive.sana.sy\/tr\/wp-content\/uploads\/2019\/06\/DSC_0658-768x511.jpg 768w, https:\/\/archive.sana.sy\/tr\/wp-content\/uploads\/2019\/06\/DSC_0658-1024x682.jpg 1024w, https:\/\/archive.sana.sy\/tr\/wp-content\/uploads\/2019\/06\/DSC_0658-310x205.jpg 310w\" sizes=\"auto, (max-width: 150px) 100vw, 150px\" \/><\/a>\n\t\t\t<\/div><\/figure>\n\t\t<\/div>\n\n","protected":false},"excerpt":{"rendered":"<p>DERA \u2013 Dera Kentinde bug\u00fcn resmi, sivil ve gen\u00e7lik faaliyetlerinin kat\u0131l\u0131m\u0131yla \u0130srail i\u015fgali alt\u0131ndaki Suriyeli Golan ve Golanl\u0131 yurtta\u015flar\u0131m\u0131z ile dayan\u0131\u015fma etkinli\u011fi d\u00fczenlendi. \u201cHadi Hep Birlikte\u201d slogan\u0131 alt\u0131nda d\u00fczenlenen etkinlikte Golan ve Golanl\u0131 yurtta\u015flar\u0131m\u0131zla dayan\u0131\u015fma ve onlara destek ama\u00e7l\u0131 olarak \u201cGolan ve Golanl\u0131lara En Uzun Sevgi ve Vefa Mektubu\u201d imzaland\u0131. Daha \u00f6nce S\u00fcveyda \u0130linde d\u00fczenlenen &hellip;<\/p>\n","protected":false},"author":1,"featured_media":185371,"comment_status":"closed","ping_status":"closed","sticky":false,"template":"","format":"standard","meta":{"footnotes":""},"categories":[596,479,17988,478],"tags":[],"class_list":["post-185370","post","type-post","status-publish","format-standard","has-post-thumbnail","","category-fotografli-raporlar","category-haberler-yerel","category-son-haberler","category-yerel"],"_links":{"self":[{"href":"https:\/\/archive.sana.sy\/tr\/index.php?rest_route=\/wp\/v2\/posts\/185370","targetHints":{"allow":["GET"]}}],"collection":[{"href":"https:\/\/archive.sana.sy\/tr\/index.php?rest_route=\/wp\/v2\/posts"}],"about":[{"href":"https:\/\/archive.sana.sy\/tr\/index.php?rest_route=\/wp\/v2\/types\/post"}],"author":[{"embeddable":true,"href":"https:\/\/archive.sana.sy\/tr\/index.php?rest_route=\/wp\/v2\/users\/1"}],"replies":[{"embeddable":true,"href":"https:\/\/archive.sana.sy\/tr\/index.php?rest_route=%2Fwp%2Fv2%2Fcomments&post=185370"}],"version-history":[{"count":0,"href":"https:\/\/archive.sana.sy\/tr\/index.php?rest_route=\/wp\/v2\/posts\/185370\/revisions"}],"wp:featuredmedia":[{"embeddable":true,"href":"https:\/\/archive.sana.sy\/tr\/index.php?rest_route=\/wp\/v2\/media\/185371"}],"wp:attachment":[{"href":"https:\/\/archive.sana.sy\/tr\/index.php?rest_route=%2Fwp%2Fv2%2Fmedia&parent=185370"}],"wp:term":[{"taxonomy":"category","embeddable":true,"href":"https:\/\/archive.sana.sy\/tr\/index.php?rest_route=%2Fwp%2Fv2%2Fcategories&post=185370"},{"taxonomy":"post_tag","embeddable":true,"href":"https:\/\/archive.sana.sy\/tr\/index.php?rest_route=%2Fwp%2Fv2%2Ftags&post=185370"}],"curies":[{"name":"wp","href":"https:\/\/api.w.org\/{rel}","templated":true}]}}