{"id":185379,"date":"2019-06-30T16:43:52","date_gmt":"2019-06-30T13:43:52","guid":{"rendered":"http:\/\/www.sana.sy\/tr\/?p=185379"},"modified":"2019-07-01T15:29:50","modified_gmt":"2019-07-01T12:29:50","slug":"abd-yapimi-mayin-deposu-ele-gecirildi","status":"publish","type":"post","link":"https:\/\/archive.sana.sy\/tr\/?p=185379","title":{"rendered":"ABD Yap\u0131m\u0131 May\u0131n Deposu Ele Ge\u00e7irildi"},"content":{"rendered":"<p>KUNAYTRA \u2013 G\u00fcvenlik birimleri Kunaytra k\u0131rsal\u0131nda radikal ter\u00f6r \u00f6rg\u00fctlerden kalma ABD yap\u0131m\u0131 may\u0131n deposu ele ge\u00e7irdi.<\/p>\n<p>SANA muhabiri ter\u00f6rden kurtar\u0131lan b\u00f6lgelerde ter\u00f6ristlerin yok edilmeden \u00f6nce \u00f6zel ve kamu m\u00fclklere yerle\u015ftirdikleri may\u0131n ve bomba d\u00fczeneklerini temizleyip halk\u0131n g\u00fcvenli\u011fini sa\u011flama ama\u00e7l\u0131 arama tarama operasyonlar\u0131 s\u0131ras\u0131nda Kunayta k\u0131rsal\u0131 Muallaka K\u00f6y\u00fcnde bir may\u0131n deposu ele ge\u00e7irildi\u011fini aktard\u0131. Muhabir b\u00f6lge ahalisinin verdi\u011fi bilgiler ve sergiledikleri i\u015fbirli\u011fi ile ele ge\u00e7irilen may\u0131n deposunda ABD yap\u0131m\u0131 y\u00fcksek say\u0131da \u00a0may\u0131n\u0131n bulundu\u011funa dikkat \u00e7ekti.<\/p>\n","protected":false},"excerpt":{"rendered":"<p>KUNAYTRA \u2013 G\u00fcvenlik birimleri Kunaytra k\u0131rsal\u0131nda radikal ter\u00f6r \u00f6rg\u00fctlerden kalma ABD yap\u0131m\u0131 may\u0131n deposu ele ge\u00e7irdi. SANA muhabiri ter\u00f6rden kurtar\u0131lan b\u00f6lgelerde ter\u00f6ristlerin yok edilmeden \u00f6nce \u00f6zel ve kamu m\u00fclklere yerle\u015ftirdikleri may\u0131n ve bomba d\u00fczeneklerini temizleyip halk\u0131n g\u00fcvenli\u011fini sa\u011flama ama\u00e7l\u0131 arama tarama operasyonlar\u0131 s\u0131ras\u0131nda Kunayta k\u0131rsal\u0131 Muallaka K\u00f6y\u00fcnde bir may\u0131n deposu ele ge\u00e7irildi\u011fini aktard\u0131. Muhabir b\u00f6lge &hellip;<\/p>\n","protected":false},"author":1,"featured_media":185380,"comment_status":"closed","ping_status":"closed","sticky":false,"template":"","format":"standard","meta":{"footnotes":""},"categories":[479,575,17988,478],"tags":[],"class_list":["post-185379","post","type-post","status-publish","format-standard","has-post-thumbnail","","category-haberler-yerel","category-olaylar-ve-gercekler","category-son-haberler","category-yerel"],"_links":{"self":[{"href":"https:\/\/archive.sana.sy\/tr\/index.php?rest_route=\/wp\/v2\/posts\/185379","targetHints":{"allow":["GET"]}}],"collection":[{"href":"https:\/\/archive.sana.sy\/tr\/index.php?rest_route=\/wp\/v2\/posts"}],"about":[{"href":"https:\/\/archive.sana.sy\/tr\/index.php?rest_route=\/wp\/v2\/types\/post"}],"author":[{"embeddable":true,"href":"https:\/\/archive.sana.sy\/tr\/index.php?rest_route=\/wp\/v2\/users\/1"}],"replies":[{"embeddable":true,"href":"https:\/\/archive.sana.sy\/tr\/index.php?rest_route=%2Fwp%2Fv2%2Fcomments&post=185379"}],"version-history":[{"count":0,"href":"https:\/\/archive.sana.sy\/tr\/index.php?rest_route=\/wp\/v2\/posts\/185379\/revisions"}],"wp:featuredmedia":[{"embeddable":true,"href":"https:\/\/archive.sana.sy\/tr\/index.php?rest_route=\/wp\/v2\/media\/185380"}],"wp:attachment":[{"href":"https:\/\/archive.sana.sy\/tr\/index.php?rest_route=%2Fwp%2Fv2%2Fmedia&parent=185379"}],"wp:term":[{"taxonomy":"category","embeddable":true,"href":"https:\/\/archive.sana.sy\/tr\/index.php?rest_route=%2Fwp%2Fv2%2Fcategories&post=185379"},{"taxonomy":"post_tag","embeddable":true,"href":"https:\/\/archive.sana.sy\/tr\/index.php?rest_route=%2Fwp%2Fv2%2Ftags&post=185379"}],"curies":[{"name":"wp","href":"https:\/\/api.w.org\/{rel}","templated":true}]}}