{"id":185382,"date":"2019-07-01T08:00:30","date_gmt":"2019-07-01T05:00:30","guid":{"rendered":"http:\/\/sana.sy\/tr\/?p=185382"},"modified":"2019-07-02T14:03:16","modified_gmt":"2019-07-02T11:03:16","slug":"hava-savunma-sistemlerimiz-israil-saldirisina-karsi-koyarak-bazi-fuzeleri-dusurdu","status":"publish","type":"post","link":"https:\/\/archive.sana.sy\/tr\/?p=185382","title":{"rendered":"Aralar\u0131nda 1 Bebe\u011fin Bulundu\u011fu 4 Sivil \u015eehit D\u00fc\u015ft\u00fc (V\u0130DEO)"},"content":{"rendered":"<p style=\"text-align: justify\">\u015eAM KIRSALI \u2013 HOMS &#8211;\u00a0 Suriye Arap Ordusu Hava savunma sistenleri gece yar\u0131s\u0131nda &#8220;\u0130srail&#8221; sava\u015f u\u00e7aklar\u0131n\u0131n Homs ve \u015eam \u00e7evresindeki baz\u0131 askeri mevkilerimize do\u011fru f\u0131rlatt\u0131\u011f\u0131 d\u00fc\u015fman f\u00fczelere kar\u015f\u0131 koymas\u0131 sonucunda \u015eam g\u00fcney k\u0131rsal\u0131 Sahnaya Beldesinde aralar\u0131nda bir bebe\u011fin bulundu\u011fu birka\u00e7 sivil \u015fehit d\u00fc\u015ft\u00fc.<\/p>\n<p style=\"text-align: justify\">Askeri kaynak SANA&#8217;ya a\u00e7\u0131klamas\u0131nda, Hava savunma sistemlerimiz \u0130srail sava\u015f u\u00e7aklar\u0131n\u0131n L\u00fcbnan hava sahas\u0131ndan Homs ve \u015eam \u00e7evresindeki baz\u0131 askeri mevkilerimize do\u011fru f\u0131rlatt\u0131\u011f\u0131 d\u00fc\u015fman f\u00fczelere kar\u015f\u0131 koydu.<\/p>\n<p style=\"text-align: justify\"><a href=\"http:\/\/sana.sy\/tr\/wp-content\/uploads\/2019\/07\/\u0627\u0635\u0627\u0628\u0629-\u0639\u062f\u062f-\u0645\u0646-\u0627\u0644\u0645\u062f\u0646\u064a\u064a\u0646-\u0641\u064a-\u0635\u062d\u0646\u0627\u064a\u0627-\u062c\u0631\u0627\u0621-\u0627\u0644\u0639\u062f\u0648\u0627\u0646-\u0627\u0644\u0627\u0633\u0631\u0627\u0626\u064a\u0644\u064a.00_00_37_19.Still001.jpg\"><img loading=\"lazy\" decoding=\"async\" class=\"alignright size-medium wp-image-185388\" src=\"http:\/\/sana.sy\/tr\/wp-content\/uploads\/2019\/07\/\u0627\u0635\u0627\u0628\u0629-\u0639\u062f\u062f-\u0645\u0646-\u0627\u0644\u0645\u062f\u0646\u064a\u064a\u0646-\u0641\u064a-\u0635\u062d\u0646\u0627\u064a\u0627-\u062c\u0631\u0627\u0621-\u0627\u0644\u0639\u062f\u0648\u0627\u0646-\u0627\u0644\u0627\u0633\u0631\u0627\u0626\u064a\u0644\u064a.00_00_37_19.Still001-300x188.jpg\" alt=\"\" width=\"300\" height=\"188\" srcset=\"https:\/\/archive.sana.sy\/tr\/wp-content\/uploads\/2019\/07\/\u0627\u0635\u0627\u0628\u0629-\u0639\u062f\u062f-\u0645\u0646-\u0627\u0644\u0645\u062f\u0646\u064a\u064a\u0646-\u0641\u064a-\u0635\u062d\u0646\u0627\u064a\u0627-\u062c\u0631\u0627\u0621-\u0627\u0644\u0639\u062f\u0648\u0627\u0646-\u0627\u0644\u0627\u0633\u0631\u0627\u0626\u064a\u0644\u064a.00_00_37_19.Still001-300x188.jpg 300w, https:\/\/archive.sana.sy\/tr\/wp-content\/uploads\/2019\/07\/\u0627\u0635\u0627\u0628\u0629-\u0639\u062f\u062f-\u0645\u0646-\u0627\u0644\u0645\u062f\u0646\u064a\u064a\u0646-\u0641\u064a-\u0635\u062d\u0646\u0627\u064a\u0627-\u062c\u0631\u0627\u0621-\u0627\u0644\u0639\u062f\u0648\u0627\u0646-\u0627\u0644\u0627\u0633\u0631\u0627\u0626\u064a\u0644\u064a.00_00_37_19.Still001-150x94.jpg 150w, https:\/\/archive.sana.sy\/tr\/wp-content\/uploads\/2019\/07\/\u0627\u0635\u0627\u0628\u0629-\u0639\u062f\u062f-\u0645\u0646-\u0627\u0644\u0645\u062f\u0646\u064a\u064a\u0646-\u0641\u064a-\u0635\u062d\u0646\u0627\u064a\u0627-\u062c\u0631\u0627\u0621-\u0627\u0644\u0639\u062f\u0648\u0627\u0646-\u0627\u0644\u0627\u0633\u0631\u0627\u0626\u064a\u0644\u064a.00_00_37_19.Still001-768x481.jpg 768w, https:\/\/archive.sana.sy\/tr\/wp-content\/uploads\/2019\/07\/\u0627\u0635\u0627\u0628\u0629-\u0639\u062f\u062f-\u0645\u0646-\u0627\u0644\u0645\u062f\u0646\u064a\u064a\u0646-\u0641\u064a-\u0635\u062d\u0646\u0627\u064a\u0627-\u062c\u0631\u0627\u0621-\u0627\u0644\u0639\u062f\u0648\u0627\u0646-\u0627\u0644\u0627\u0633\u0631\u0627\u0626\u064a\u0644\u064a.00_00_37_19.Still001-1024x642.jpg 1024w\" sizes=\"auto, (max-width: 300px) 100vw, 300px\" \/><\/a>SANA muhabiri, sald\u0131r\u0131 sonucunda aralar\u0131nda birka\u00e7 ayl\u0131k bebe\u011fin bulundu\u011fu 4 sivil\u015fn \u015fehit d\u00fc\u015ft\u00fc\u011f\u00fcn\u00fc 21 ki\u015finin de yaraland\u0131\u011f\u0131na dikkat \u00e7ekerek yaral\u0131lar\u0131n gereken tedavinin yap\u0131lmas\u0131 i\u00e7in muhtelif hastanelere kald\u0131r\u0131ld\u0131klar\u0131na i\u015faret etti.<\/p>\n<p style=\"text-align: justify\">Muhabir daha \u00f6nce de, \u015eam \u00e7evresi semalar\u0131nda patlamalar sonucu olu\u015fan bas\u0131n\u00e7 sebebiyle Sahnaya beldesinde baz\u0131 sivillerin evlerinin zarar g\u00f6rd\u00fc\u011f\u00fcn\u00fc, pencere camlar\u0131n\u0131n k\u0131r\u0131ld\u0131\u011f\u0131n\u0131 ve baz\u0131 vatanda\u015flar\u0131n da hafif yaraland\u0131\u011f\u0131n\u0131 s\u00f6ylemi\u015fti.<\/p>\n<p style=\"text-align: justify\">Bilinece\u011fi \u00fczere hava savunma sistemlerimiz ge\u00e7en ay\u0131n 11&#8217;de de g\u00fcney k\u0131rsal\u0131ndaki Tel el Hara&#8217;ya y\u00f6nelik &#8220;\u0130srailli&#8221; f\u00fcze sald\u0131r\u0131s\u0131na kar\u015f\u0131 koymu\u015f bir\u00e7o\u011funu da d\u00fc\u015f\u00fcrm\u00fc\u015ft\u00fc.<\/p>\n<p style=\"text-align: justify\">D\u00fc\u015fman \u0130srail \u00e7\u00f6km\u00fc\u015f ter\u00f6rist edatlar\u0131n\u0131 desteklemek i\u00e7in ge\u00e7en seneler boyunca m\u00fcdahale etmi\u015f, onlarca saha ve istihbarat raporu da ter\u00f6rist \u00f6rg\u00fctlerle d\u00fc\u015fman \u0130srail aras\u0131ndaki yak\u0131n ba\u011flar\u0131 ve yapt\u0131klar\u0131 koordinasyonlar\u0131 su y\u00fcz\u00fcne \u00e7\u0131kar\u0131yor.<\/p>\n<p>\u00c7eviri: S.\u015eahut<\/p>\n<p><iframe loading=\"lazy\" title=\"\u0645\u0646 \u062a\u0635\u062f\u064a \u062f\u0641\u0627\u0639\u0627\u062a\u0646\u0627 \u0627\u0644\u062c\u0648\u064a\u0629 \u0644\u0644\u0635\u0648\u0627\u0631\u064a\u062e \u0627\u0644\u0645\u0639\u0627\u062f\u064a\u0629\" width=\"618\" height=\"348\" src=\"https:\/\/www.youtube.com\/embed\/L8nc-7QILoA?feature=oembed\" frameborder=\"0\" allow=\"accelerometer; autoplay; clipboard-write; encrypted-media; gyroscope; picture-in-picture; web-share\" referrerpolicy=\"strict-origin-when-cross-origin\" allowfullscreen><\/iframe><\/p>\n<div id='gallery-1' class='gallery galleryid-185382 gallery-columns-2 gallery-size-full'><figure class='gallery-item'>\n\t\t\t<div class='gallery-icon landscape'>\n\t\t\t\t<a href='https:\/\/archive.sana.sy\/tr\/wp-content\/uploads\/2019\/07\/\u0627\u0635\u0627\u0628\u0629-\u0639\u062f\u062f-\u0645\u0646-\u0627\u0644\u0645\u062f\u0646\u064a\u064a\u0646-\u0641\u064a-\u0635\u062d\u0646\u0627\u064a\u0627-\u062c\u0631\u0627\u0621-\u0627\u0644\u0639\u062f\u0648\u0627\u0646-\u0627\u0644\u0627\u0633\u0631\u0627\u0626\u064a\u0644\u064a.00_00_51_06.Still002.jpg'><img loading=\"lazy\" decoding=\"async\" width=\"3543\" height=\"2371\" src=\"https:\/\/archive.sana.sy\/tr\/wp-content\/uploads\/2019\/07\/\u0627\u0635\u0627\u0628\u0629-\u0639\u062f\u062f-\u0645\u0646-\u0627\u0644\u0645\u062f\u0646\u064a\u064a\u0646-\u0641\u064a-\u0635\u062d\u0646\u0627\u064a\u0627-\u062c\u0631\u0627\u0621-\u0627\u0644\u0639\u062f\u0648\u0627\u0646-\u0627\u0644\u0627\u0633\u0631\u0627\u0626\u064a\u0644\u064a.00_00_51_06.Still002.jpg\" class=\"attachment-full size-full\" alt=\"\" srcset=\"https:\/\/archive.sana.sy\/tr\/wp-content\/uploads\/2019\/07\/\u0627\u0635\u0627\u0628\u0629-\u0639\u062f\u062f-\u0645\u0646-\u0627\u0644\u0645\u062f\u0646\u064a\u064a\u0646-\u0641\u064a-\u0635\u062d\u0646\u0627\u064a\u0627-\u062c\u0631\u0627\u0621-\u0627\u0644\u0639\u062f\u0648\u0627\u0646-\u0627\u0644\u0627\u0633\u0631\u0627\u0626\u064a\u0644\u064a.00_00_51_06.Still002.jpg 3543w, https:\/\/archive.sana.sy\/tr\/wp-content\/uploads\/2019\/07\/\u0627\u0635\u0627\u0628\u0629-\u0639\u062f\u062f-\u0645\u0646-\u0627\u0644\u0645\u062f\u0646\u064a\u064a\u0646-\u0641\u064a-\u0635\u062d\u0646\u0627\u064a\u0627-\u062c\u0631\u0627\u0621-\u0627\u0644\u0639\u062f\u0648\u0627\u0646-\u0627\u0644\u0627\u0633\u0631\u0627\u0626\u064a\u0644\u064a.00_00_51_06.Still002-150x100.jpg 150w, https:\/\/archive.sana.sy\/tr\/wp-content\/uploads\/2019\/07\/\u0627\u0635\u0627\u0628\u0629-\u0639\u062f\u062f-\u0645\u0646-\u0627\u0644\u0645\u062f\u0646\u064a\u064a\u0646-\u0641\u064a-\u0635\u062d\u0646\u0627\u064a\u0627-\u062c\u0631\u0627\u0621-\u0627\u0644\u0639\u062f\u0648\u0627\u0646-\u0627\u0644\u0627\u0633\u0631\u0627\u0626\u064a\u0644\u064a.00_00_51_06.Still002-300x201.jpg 300w, https:\/\/archive.sana.sy\/tr\/wp-content\/uploads\/2019\/07\/\u0627\u0635\u0627\u0628\u0629-\u0639\u062f\u062f-\u0645\u0646-\u0627\u0644\u0645\u062f\u0646\u064a\u064a\u0646-\u0641\u064a-\u0635\u062d\u0646\u0627\u064a\u0627-\u062c\u0631\u0627\u0621-\u0627\u0644\u0639\u062f\u0648\u0627\u0646-\u0627\u0644\u0627\u0633\u0631\u0627\u0626\u064a\u0644\u064a.00_00_51_06.Still002-768x514.jpg 768w, https:\/\/archive.sana.sy\/tr\/wp-content\/uploads\/2019\/07\/\u0627\u0635\u0627\u0628\u0629-\u0639\u062f\u062f-\u0645\u0646-\u0627\u0644\u0645\u062f\u0646\u064a\u064a\u0646-\u0641\u064a-\u0635\u062d\u0646\u0627\u064a\u0627-\u062c\u0631\u0627\u0621-\u0627\u0644\u0639\u062f\u0648\u0627\u0646-\u0627\u0644\u0627\u0633\u0631\u0627\u0626\u064a\u0644\u064a.00_00_51_06.Still002-1024x685.jpg 1024w, https:\/\/archive.sana.sy\/tr\/wp-content\/uploads\/2019\/07\/\u0627\u0635\u0627\u0628\u0629-\u0639\u062f\u062f-\u0645\u0646-\u0627\u0644\u0645\u062f\u0646\u064a\u064a\u0646-\u0641\u064a-\u0635\u062d\u0646\u0627\u064a\u0627-\u062c\u0631\u0627\u0621-\u0627\u0644\u0639\u062f\u0648\u0627\u0646-\u0627\u0644\u0627\u0633\u0631\u0627\u0626\u064a\u0644\u064a.00_00_51_06.Still002-110x75.jpg 110w\" sizes=\"auto, (max-width: 3543px) 100vw, 3543px\" \/><\/a>\n\t\t\t<\/div><\/figure><figure class='gallery-item'>\n\t\t\t<div class='gallery-icon landscape'>\n\t\t\t\t<a href='https:\/\/archive.sana.sy\/tr\/wp-content\/uploads\/2019\/07\/\u0627\u0635\u0627\u0628\u0629-\u0639\u062f\u062f-\u0645\u0646-\u0627\u0644\u0645\u062f\u0646\u064a\u064a\u0646-\u0641\u064a-\u0635\u062d\u0646\u0627\u064a\u0627-\u062c\u0631\u0627\u0621-\u0627\u0644\u0639\u062f\u0648\u0627\u0646-\u0627\u0644\u0627\u0633\u0631\u0627\u0626\u064a\u0644\u064a.00_00_22_29.Still003.jpg'><img loading=\"lazy\" decoding=\"async\" width=\"3543\" height=\"2371\" src=\"https:\/\/archive.sana.sy\/tr\/wp-content\/uploads\/2019\/07\/\u0627\u0635\u0627\u0628\u0629-\u0639\u062f\u062f-\u0645\u0646-\u0627\u0644\u0645\u062f\u0646\u064a\u064a\u0646-\u0641\u064a-\u0635\u062d\u0646\u0627\u064a\u0627-\u062c\u0631\u0627\u0621-\u0627\u0644\u0639\u062f\u0648\u0627\u0646-\u0627\u0644\u0627\u0633\u0631\u0627\u0626\u064a\u0644\u064a.00_00_22_29.Still003.jpg\" class=\"attachment-full size-full\" alt=\"\" srcset=\"https:\/\/archive.sana.sy\/tr\/wp-content\/uploads\/2019\/07\/\u0627\u0635\u0627\u0628\u0629-\u0639\u062f\u062f-\u0645\u0646-\u0627\u0644\u0645\u062f\u0646\u064a\u064a\u0646-\u0641\u064a-\u0635\u062d\u0646\u0627\u064a\u0627-\u062c\u0631\u0627\u0621-\u0627\u0644\u0639\u062f\u0648\u0627\u0646-\u0627\u0644\u0627\u0633\u0631\u0627\u0626\u064a\u0644\u064a.00_00_22_29.Still003.jpg 3543w, https:\/\/archive.sana.sy\/tr\/wp-content\/uploads\/2019\/07\/\u0627\u0635\u0627\u0628\u0629-\u0639\u062f\u062f-\u0645\u0646-\u0627\u0644\u0645\u062f\u0646\u064a\u064a\u0646-\u0641\u064a-\u0635\u062d\u0646\u0627\u064a\u0627-\u062c\u0631\u0627\u0621-\u0627\u0644\u0639\u062f\u0648\u0627\u0646-\u0627\u0644\u0627\u0633\u0631\u0627\u0626\u064a\u0644\u064a.00_00_22_29.Still003-150x100.jpg 150w, https:\/\/archive.sana.sy\/tr\/wp-content\/uploads\/2019\/07\/\u0627\u0635\u0627\u0628\u0629-\u0639\u062f\u062f-\u0645\u0646-\u0627\u0644\u0645\u062f\u0646\u064a\u064a\u0646-\u0641\u064a-\u0635\u062d\u0646\u0627\u064a\u0627-\u062c\u0631\u0627\u0621-\u0627\u0644\u0639\u062f\u0648\u0627\u0646-\u0627\u0644\u0627\u0633\u0631\u0627\u0626\u064a\u0644\u064a.00_00_22_29.Still003-300x201.jpg 300w, https:\/\/archive.sana.sy\/tr\/wp-content\/uploads\/2019\/07\/\u0627\u0635\u0627\u0628\u0629-\u0639\u062f\u062f-\u0645\u0646-\u0627\u0644\u0645\u062f\u0646\u064a\u064a\u0646-\u0641\u064a-\u0635\u062d\u0646\u0627\u064a\u0627-\u062c\u0631\u0627\u0621-\u0627\u0644\u0639\u062f\u0648\u0627\u0646-\u0627\u0644\u0627\u0633\u0631\u0627\u0626\u064a\u0644\u064a.00_00_22_29.Still003-768x514.jpg 768w, https:\/\/archive.sana.sy\/tr\/wp-content\/uploads\/2019\/07\/\u0627\u0635\u0627\u0628\u0629-\u0639\u062f\u062f-\u0645\u0646-\u0627\u0644\u0645\u062f\u0646\u064a\u064a\u0646-\u0641\u064a-\u0635\u062d\u0646\u0627\u064a\u0627-\u062c\u0631\u0627\u0621-\u0627\u0644\u0639\u062f\u0648\u0627\u0646-\u0627\u0644\u0627\u0633\u0631\u0627\u0626\u064a\u0644\u064a.00_00_22_29.Still003-1024x685.jpg 1024w, https:\/\/archive.sana.sy\/tr\/wp-content\/uploads\/2019\/07\/\u0627\u0635\u0627\u0628\u0629-\u0639\u062f\u062f-\u0645\u0646-\u0627\u0644\u0645\u062f\u0646\u064a\u064a\u0646-\u0641\u064a-\u0635\u062d\u0646\u0627\u064a\u0627-\u062c\u0631\u0627\u0621-\u0627\u0644\u0639\u062f\u0648\u0627\u0646-\u0627\u0644\u0627\u0633\u0631\u0627\u0626\u064a\u0644\u064a.00_00_22_29.Still003-110x75.jpg 110w\" sizes=\"auto, (max-width: 3543px) 100vw, 3543px\" \/><\/a>\n\t\t\t<\/div><\/figure>\n\t\t<\/div>\n\n<p style=\"text-align: justify\">\n","protected":false},"excerpt":{"rendered":"<p>\u015eAM KIRSALI \u2013 HOMS &#8211;\u00a0 Suriye Arap Ordusu Hava savunma sistenleri gece yar\u0131s\u0131nda &#8220;\u0130srail&#8221; sava\u015f u\u00e7aklar\u0131n\u0131n Homs ve \u015eam \u00e7evresindeki baz\u0131 askeri mevkilerimize do\u011fru f\u0131rlatt\u0131\u011f\u0131 d\u00fc\u015fman f\u00fczelere kar\u015f\u0131 koymas\u0131 sonucunda \u015eam g\u00fcney k\u0131rsal\u0131 Sahnaya Beldesinde aralar\u0131nda bir bebe\u011fin bulundu\u011fu birka\u00e7 sivil \u015fehit d\u00fc\u015ft\u00fc. Askeri kaynak SANA&#8217;ya a\u00e7\u0131klamas\u0131nda, Hava savunma sistemlerimiz \u0130srail sava\u015f u\u00e7aklar\u0131n\u0131n L\u00fcbnan hava &hellip;<\/p>\n","protected":false},"author":1,"featured_media":185383,"comment_status":"closed","ping_status":"closed","sticky":false,"template":"","format":"standard","meta":{"footnotes":""},"categories":[596,479,575,17988,478],"tags":[],"class_list":["post-185382","post","type-post","status-publish","format-standard","has-post-thumbnail","","category-fotografli-raporlar","category-haberler-yerel","category-olaylar-ve-gercekler","category-son-haberler","category-yerel"],"_links":{"self":[{"href":"https:\/\/archive.sana.sy\/tr\/index.php?rest_route=\/wp\/v2\/posts\/185382","targetHints":{"allow":["GET"]}}],"collection":[{"href":"https:\/\/archive.sana.sy\/tr\/index.php?rest_route=\/wp\/v2\/posts"}],"about":[{"href":"https:\/\/archive.sana.sy\/tr\/index.php?rest_route=\/wp\/v2\/types\/post"}],"author":[{"embeddable":true,"href":"https:\/\/archive.sana.sy\/tr\/index.php?rest_route=\/wp\/v2\/users\/1"}],"replies":[{"embeddable":true,"href":"https:\/\/archive.sana.sy\/tr\/index.php?rest_route=%2Fwp%2Fv2%2Fcomments&post=185382"}],"version-history":[{"count":0,"href":"https:\/\/archive.sana.sy\/tr\/index.php?rest_route=\/wp\/v2\/posts\/185382\/revisions"}],"wp:featuredmedia":[{"embeddable":true,"href":"https:\/\/archive.sana.sy\/tr\/index.php?rest_route=\/wp\/v2\/media\/185383"}],"wp:attachment":[{"href":"https:\/\/archive.sana.sy\/tr\/index.php?rest_route=%2Fwp%2Fv2%2Fmedia&parent=185382"}],"wp:term":[{"taxonomy":"category","embeddable":true,"href":"https:\/\/archive.sana.sy\/tr\/index.php?rest_route=%2Fwp%2Fv2%2Fcategories&post=185382"},{"taxonomy":"post_tag","embeddable":true,"href":"https:\/\/archive.sana.sy\/tr\/index.php?rest_route=%2Fwp%2Fv2%2Ftags&post=185382"}],"curies":[{"name":"wp","href":"https:\/\/api.w.org\/{rel}","templated":true}]}}