{"id":185407,"date":"2019-07-01T10:32:17","date_gmt":"2019-07-01T07:32:17","guid":{"rendered":"http:\/\/www.sana.sy\/tr\/?p=185407"},"modified":"2019-07-02T14:02:28","modified_gmt":"2019-07-02T11:02:28","slug":"ihracatcilar-birligi-iptal-edildi","status":"publish","type":"post","link":"https:\/\/archive.sana.sy\/tr\/?p=185407","title":{"rendered":"\u0130hracat\u00e7\u0131lar Birli\u011fi \u0130ptal Edildi"},"content":{"rendered":"<p>\u015eAM \u2013 Cumhurba\u015fkan\u0131 Be\u015f\u015far el Esad bug\u00fcn; Halk Meclisinin 25 Haziran tarihli oturumunda tart\u0131\u015f\u0131p onaylad\u0131\u011f\u0131 ve \u0130hracat\u00e7\u0131lar Birli\u011finin kurulmas\u0131n\u0131 \u00f6ng\u00f6ren 2009\/27 say\u0131l\u0131 kanunnamenin iptal eden 2019\/19 say\u0131l\u0131 kanunnameyi onaylad\u0131.<\/p>\n<p>Yeni kanunnameye g\u00f6re ihracat\u00e7\u0131lar birli\u011finin t\u00fcm mali i\u015flemlerini tasfiye edecek bir komitenin bakanlar kurulu taraf\u0131ndan te\u015fkil edilmesini de \u00f6ng\u00f6r\u00fcyor.<\/p>\n","protected":false},"excerpt":{"rendered":"<p>\u015eAM \u2013 Cumhurba\u015fkan\u0131 Be\u015f\u015far el Esad bug\u00fcn; Halk Meclisinin 25 Haziran tarihli oturumunda tart\u0131\u015f\u0131p onaylad\u0131\u011f\u0131 ve \u0130hracat\u00e7\u0131lar Birli\u011finin kurulmas\u0131n\u0131 \u00f6ng\u00f6ren 2009\/27 say\u0131l\u0131 kanunnamenin iptal eden 2019\/19 say\u0131l\u0131 kanunnameyi onaylad\u0131. Yeni kanunnameye g\u00f6re ihracat\u00e7\u0131lar birli\u011finin t\u00fcm mali i\u015flemlerini tasfiye edecek bir komitenin bakanlar kurulu taraf\u0131ndan te\u015fkil edilmesini de \u00f6ng\u00f6r\u00fcyor.<\/p>\n","protected":false},"author":1,"featured_media":158568,"comment_status":"closed","ping_status":"closed","sticky":false,"template":"","format":"standard","meta":{"footnotes":""},"categories":[485,486,479,605,17988,612,599,478],"tags":[],"class_list":["post-185407","post","type-post","status-publish","format-standard","has-post-thumbnail","","category-is-ve-sermaye","category-haberler-is-ve-sermaye","category-haberler-yerel","category-sayin-cumhurbaskani","category-son-haberler","category-yasama-kararnameler","category-yasama-ve-kanunlar","category-yerel"],"_links":{"self":[{"href":"https:\/\/archive.sana.sy\/tr\/index.php?rest_route=\/wp\/v2\/posts\/185407","targetHints":{"allow":["GET"]}}],"collection":[{"href":"https:\/\/archive.sana.sy\/tr\/index.php?rest_route=\/wp\/v2\/posts"}],"about":[{"href":"https:\/\/archive.sana.sy\/tr\/index.php?rest_route=\/wp\/v2\/types\/post"}],"author":[{"embeddable":true,"href":"https:\/\/archive.sana.sy\/tr\/index.php?rest_route=\/wp\/v2\/users\/1"}],"replies":[{"embeddable":true,"href":"https:\/\/archive.sana.sy\/tr\/index.php?rest_route=%2Fwp%2Fv2%2Fcomments&post=185407"}],"version-history":[{"count":0,"href":"https:\/\/archive.sana.sy\/tr\/index.php?rest_route=\/wp\/v2\/posts\/185407\/revisions"}],"wp:featuredmedia":[{"embeddable":true,"href":"https:\/\/archive.sana.sy\/tr\/index.php?rest_route=\/wp\/v2\/media\/158568"}],"wp:attachment":[{"href":"https:\/\/archive.sana.sy\/tr\/index.php?rest_route=%2Fwp%2Fv2%2Fmedia&parent=185407"}],"wp:term":[{"taxonomy":"category","embeddable":true,"href":"https:\/\/archive.sana.sy\/tr\/index.php?rest_route=%2Fwp%2Fv2%2Fcategories&post=185407"},{"taxonomy":"post_tag","embeddable":true,"href":"https:\/\/archive.sana.sy\/tr\/index.php?rest_route=%2Fwp%2Fv2%2Ftags&post=185407"}],"curies":[{"name":"wp","href":"https:\/\/api.w.org\/{rel}","templated":true}]}}