{"id":185626,"date":"2019-07-04T12:55:33","date_gmt":"2019-07-04T09:55:33","guid":{"rendered":"http:\/\/sana.sy\/tr\/?p=185626"},"modified":"2019-07-06T13:15:14","modified_gmt":"2019-07-06T10:15:14","slug":"esad-hiristiyanlar-gecici-olmadilar-musluman-kardesleri-yaninda-suriye-uygarliginin-cocuklari-oldular","status":"publish","type":"post","link":"https:\/\/archive.sana.sy\/tr\/?p=185626","title":{"rendered":"Esad: H\u0131ristiyanlar Ge\u00e7ici Olmad\u0131lar, M\u00fcsl\u00fcman Karde\u015fleri Yan\u0131nda Suriye Uygarl\u0131\u011f\u0131n\u0131n \u00c7ocuklar\u0131 Oldular"},"content":{"rendered":"<p style=\"text-align: justify;\">\u015eAM \u2013 Cumhurba\u015fkan\u0131 Be\u015f\u015far Esad, Suriye&#8217;deki H\u0131ristiyanlar\u0131n hi\u00e7bir zaman bu topraklarda ge\u00e7ici olmad\u0131klar\u0131n\u0131, bilakis eskiden oldu\u011fu gibi \u015fimdi de uygarl\u0131\u011f\u0131n\u0131n evlatlar\u0131, uygar ve insani mesaj\u0131n\u0131 M\u00fcsl\u00fcman karde\u015fleriyle yan yana b\u00fct\u00fcn d\u00fcnyaya ta\u015f\u0131yanlar olduklar\u0131n\u0131 vurgulad\u0131.<\/p>\n<p style=\"text-align: justify;\"><a href=\"http:\/\/www.sana.sy\/tr\/wp-content\/uploads\/2019\/07\/32.jpg\"><img loading=\"lazy\" decoding=\"async\" class=\"alignright wp-image-185628 size-medium\" src=\"http:\/\/www.sana.sy\/tr\/wp-content\/uploads\/2019\/07\/32-300x148.jpg\" alt=\"\" width=\"300\" height=\"148\" srcset=\"https:\/\/archive.sana.sy\/tr\/wp-content\/uploads\/2019\/07\/32-300x148.jpg 300w, https:\/\/archive.sana.sy\/tr\/wp-content\/uploads\/2019\/07\/32-150x74.jpg 150w, https:\/\/archive.sana.sy\/tr\/wp-content\/uploads\/2019\/07\/32-768x379.jpg 768w, https:\/\/archive.sana.sy\/tr\/wp-content\/uploads\/2019\/07\/32-1024x506.jpg 1024w, https:\/\/archive.sana.sy\/tr\/wp-content\/uploads\/2019\/07\/32.jpg 1280w\" sizes=\"auto, (max-width: 300px) 100vw, 300px\" \/><\/a>Cumhurba\u015fkan\u0131 Esad bug\u00fcn, Suriyeli S\u00fcryani Katolik Gen\u00e7lik ile Saydnaya\u2019daki St. Tuma Manast\u0131r\u0131\u2019nda &#8220;Umudum Sensin&#8221; ba\u015fl\u0131\u011f\u0131 alt\u0131ndaki kampta d\u00fczenlenen a\u00e7\u0131k oturuma kat\u0131l\u0131\u015f\u0131 esnas\u0131ndaki konu\u015fmas\u0131nda, Suriye\u2019deki Hristiyan k\u00f6kle\u015femsinin, \u0131l\u0131ml\u0131l\u0131k ve \u00e7e\u015fitlili\u011fin zenginle\u015ftirilmesi a\u00e7\u0131s\u0131nda zorunlu oldu\u011funu, H\u0131ristiyanlar\u0131n tarih boyunca, tutum ve vatanperverlikleriyle b\u00f6lgedeki b\u00f6l\u00fc\u015ft\u00fcrme projelerini bal\u015far\u0131s\u0131zl\u0131\u011fa u\u011fratt\u0131klar\u0131n\u0131, Suriye d\u00fc\u015fmanlar\u0131na ve ter\u00f6r destek\u00e7ilerine b\u00fct\u00fcn s\u00f6m\u00fcrgeci ve b\u00f6l\u00fc\u015ft\u00fcrmeci projelerinin ba\u015far\u0131s\u0131z oldu\u011funu s\u00f6yleyen mesajlar\u0131 g\u00f6nderdiklerini ve hala g\u00f6ndermekte olduklar\u0131n\u0131 dile getirdi.<\/p>\n<p style=\"text-align: justify;\">Cumhurba\u015fkan\u0131 Esad, ulusal mant\u0131\u011f\u0131n, Bat\u0131&#8217;n\u0131n dayatmaya \u00e7al\u0131\u015ft\u0131\u011f\u0131 gibi az\u0131nl\u0131k ve \u00e7o\u011funluklar\u0131 kabul etmedi\u011fini, bilakis bu topraklar \u00fczerinde olan ve kalacak olan bir halk i\u00e7in g\u00fczel, zengin ve homojen bir \u00e7e\u015fitlilik oldu\u011funu vurgulayarak, Suriye&#8217;nin b\u00fct\u00fcn d\u00fc\u015fmanlar\u0131n\u0131n \u00f6n\u00fcn\u00fc kesen bu \u00e7e\u015fitlili\u011fin korunmas\u0131 ve y\u00f6netiminin, s\u00fcrekli ileti\u015fim ve diyalog yoluyla t\u00fcm Suriyelilerin sorumlulu\u011funda oldu\u011funu belirtti.<\/p>\n<p style=\"text-align: justify;\"><a href=\"http:\/\/www.sana.sy\/tr\/wp-content\/uploads\/2019\/07\/33.jpg\"><img loading=\"lazy\" decoding=\"async\" class=\"alignright wp-image-185629 size-medium\" src=\"http:\/\/www.sana.sy\/tr\/wp-content\/uploads\/2019\/07\/33-300x145.jpg\" alt=\"\" width=\"300\" height=\"145\" srcset=\"https:\/\/archive.sana.sy\/tr\/wp-content\/uploads\/2019\/07\/33-300x145.jpg 300w, https:\/\/archive.sana.sy\/tr\/wp-content\/uploads\/2019\/07\/33-150x73.jpg 150w, https:\/\/archive.sana.sy\/tr\/wp-content\/uploads\/2019\/07\/33-768x372.jpg 768w, https:\/\/archive.sana.sy\/tr\/wp-content\/uploads\/2019\/07\/33-1024x496.jpg 1024w, https:\/\/archive.sana.sy\/tr\/wp-content\/uploads\/2019\/07\/33.jpg 1280w\" sizes=\"auto, (max-width: 300px) 100vw, 300px\" \/><\/a>Cumhurba\u015fkan\u0131 Esad, Arap kimli\u011finin etnik bir kavram de\u011fil, medeni bir durumoldu\u011funu, Arap medeniyetinin herkesin entegrasyonunu kabul etmekte oldu\u011funu, ancak tarihsel kimliklerinin erimesini ve yozla\u015fmas\u0131n\u0131 reddetti\u011fini ve onlar\u0131n zenginle\u015fmesine ve korunmas\u0131na yard\u0131mc\u0131 oldu\u011funu a\u00e7\u0131klayarak, Suriye\u2019de Hristiyanl\u0131\u011f\u0131n hedef al\u0131nmas\u0131n\u0131n, Suriye toplumunun kendini g\u00f6rd\u00fc\u011f\u00fc medeniyet, k\u00fclt\u00fcr ve dinin homojenli\u011fi ve \u00e7e\u015fitlili\u011fini hedefledi\u011fini, amac\u0131n\u0131n ise, b\u00f6lgeyi mezhepsel devletlere d\u00f6n\u00fc\u015ft\u00fcrmek ve i\u015fgal alt\u0131ndaki Filistin\u2019de &#8220;Yahudi devletini&#8221; me\u015frula\u015ft\u0131rmak oldu\u011funa i\u015faret etti.<\/p>\n<p style=\"text-align: justify;\"><a href=\"http:\/\/www.sana.sy\/tr\/wp-content\/uploads\/2019\/07\/34.jpg\"><img loading=\"lazy\" decoding=\"async\" class=\"alignright wp-image-185630 size-medium\" src=\"http:\/\/www.sana.sy\/tr\/wp-content\/uploads\/2019\/07\/34-300x205.jpg\" alt=\"\" width=\"300\" height=\"205\" srcset=\"https:\/\/archive.sana.sy\/tr\/wp-content\/uploads\/2019\/07\/34-300x205.jpg 300w, https:\/\/archive.sana.sy\/tr\/wp-content\/uploads\/2019\/07\/34-150x103.jpg 150w, https:\/\/archive.sana.sy\/tr\/wp-content\/uploads\/2019\/07\/34-768x525.jpg 768w, https:\/\/archive.sana.sy\/tr\/wp-content\/uploads\/2019\/07\/34-1024x700.jpg 1024w, https:\/\/archive.sana.sy\/tr\/wp-content\/uploads\/2019\/07\/34-110x75.jpg 110w, https:\/\/archive.sana.sy\/tr\/wp-content\/uploads\/2019\/07\/34.jpg 1280w\" sizes=\"auto, (max-width: 300px) 100vw, 300px\" \/><\/a>Kampa kat\u0131lan Suriyeli S\u00fcryani gen\u00e7li\u011fi, Suriye&#8217;ye ait olmalar\u0131n\u0131n meydan okumalar nekadar b\u00fcy\u00fck olursa olsun \u015fartlar da nekadar b\u00fcy\u00fcrse b\u00fcy\u00fcs\u00fcn sars\u0131lmaz oldu\u011funu, \u00e7\u00fcnk\u00fc kendilerinin bu vatan \u00fczerinde asil vatanda\u015f olduklar\u0131n\u0131 vatan\u0131 savunma, in\u015fa etme ve kalk\u0131nd\u0131r\u0131lmas\u0131nda haklar\u0131 oldu\u011funu vurgulad\u0131lar.<\/p>\n<p style=\"text-align: justify;\">Gen\u00e7ler sorular\u0131nda, Suriyelilerin muhtelif b\u00f6lgelerde \u00e7ektikleri ac\u0131lar ve sava\u015f\u0131n neden oldu\u011fu \u00e7e\u015fitli sorunlar\u0131 ve davalar\u0131 ele ald\u0131lar, Suriye&#8217;nin gelece\u011fine ve yeniden imar\u0131na y\u00f6nelik gen\u00e7lik olarak katk\u0131lar\u0131n\u0131 etkinle\u015ftirmek i\u00e7in \u00e7e\u015fitli mekanizmalar \u00f6ne s\u00fcrd\u00fcler.<\/p>\n<p>\u00c7eviri: S.\u015eahut<\/p>\n","protected":false},"excerpt":{"rendered":"<p>\u015eAM \u2013 Cumhurba\u015fkan\u0131 Be\u015f\u015far Esad, Suriye&#8217;deki H\u0131ristiyanlar\u0131n hi\u00e7bir zaman bu topraklarda ge\u00e7ici olmad\u0131klar\u0131n\u0131, bilakis eskiden oldu\u011fu gibi \u015fimdi de uygarl\u0131\u011f\u0131n\u0131n evlatlar\u0131, uygar ve insani mesaj\u0131n\u0131 M\u00fcsl\u00fcman karde\u015fleriyle yan yana b\u00fct\u00fcn d\u00fcnyaya ta\u015f\u0131yanlar olduklar\u0131n\u0131 vurgulad\u0131. Cumhurba\u015fkan\u0131 Esad bug\u00fcn, Suriyeli S\u00fcryani Katolik Gen\u00e7lik ile Saydnaya\u2019daki St. Tuma Manast\u0131r\u0131\u2019nda &#8220;Umudum Sensin&#8221; ba\u015fl\u0131\u011f\u0131 alt\u0131ndaki kampta d\u00fczenlenen a\u00e7\u0131k oturuma kat\u0131l\u0131\u015f\u0131 &hellip;<\/p>\n","protected":false},"author":1,"featured_media":185627,"comment_status":"closed","ping_status":"closed","sticky":false,"template":"","format":"standard","meta":{"footnotes":""},"categories":[596,479,17988,478],"tags":[],"class_list":["post-185626","post","type-post","status-publish","format-standard","has-post-thumbnail","","category-fotografli-raporlar","category-haberler-yerel","category-son-haberler","category-yerel"],"_links":{"self":[{"href":"https:\/\/archive.sana.sy\/tr\/index.php?rest_route=\/wp\/v2\/posts\/185626","targetHints":{"allow":["GET"]}}],"collection":[{"href":"https:\/\/archive.sana.sy\/tr\/index.php?rest_route=\/wp\/v2\/posts"}],"about":[{"href":"https:\/\/archive.sana.sy\/tr\/index.php?rest_route=\/wp\/v2\/types\/post"}],"author":[{"embeddable":true,"href":"https:\/\/archive.sana.sy\/tr\/index.php?rest_route=\/wp\/v2\/users\/1"}],"replies":[{"embeddable":true,"href":"https:\/\/archive.sana.sy\/tr\/index.php?rest_route=%2Fwp%2Fv2%2Fcomments&post=185626"}],"version-history":[{"count":0,"href":"https:\/\/archive.sana.sy\/tr\/index.php?rest_route=\/wp\/v2\/posts\/185626\/revisions"}],"wp:featuredmedia":[{"embeddable":true,"href":"https:\/\/archive.sana.sy\/tr\/index.php?rest_route=\/wp\/v2\/media\/185627"}],"wp:attachment":[{"href":"https:\/\/archive.sana.sy\/tr\/index.php?rest_route=%2Fwp%2Fv2%2Fmedia&parent=185626"}],"wp:term":[{"taxonomy":"category","embeddable":true,"href":"https:\/\/archive.sana.sy\/tr\/index.php?rest_route=%2Fwp%2Fv2%2Fcategories&post=185626"},{"taxonomy":"post_tag","embeddable":true,"href":"https:\/\/archive.sana.sy\/tr\/index.php?rest_route=%2Fwp%2Fv2%2Ftags&post=185626"}],"curies":[{"name":"wp","href":"https:\/\/api.w.org\/{rel}","templated":true}]}}