{"id":185756,"date":"2019-07-07T15:41:46","date_gmt":"2019-07-07T12:41:46","guid":{"rendered":"http:\/\/sana.sy\/tr\/?p=185756"},"modified":"2019-07-08T16:55:24","modified_gmt":"2019-07-08T13:55:24","slug":"iranli-bir-ekonomi-ekibi-altyapi-ihtiyaclarini-incelemek-icin-suriyeyi-ziyaret-ediyor","status":"publish","type":"post","link":"https:\/\/archive.sana.sy\/tr\/?p=185756","title":{"rendered":"\u0130ranl\u0131 Bir Ekonomi Ekibi, Altyap\u0131 \u0130htiya\u00e7lar\u0131n\u0131 \u0130ncelemek \u0130\u00e7in Suriye&#8217;yi Ziyaret Ediyor"},"content":{"rendered":"<p style=\"text-align: justify;\">TAHRAN &#8211; \u0130ran Ticaret Odas\u0131 Y\u00f6netim Kurulu \u00fcyesi olan Kivan Ka\u015fifi, Oda&#8217;n\u0131n \u00f6n\u00fcm\u00fczdeki hafta Suriye&#8217;ye ekonomik bir ekip g\u00f6nderme niyetinde oldu\u011fu gibi hasarl\u0131 barajlar\u0131n retorasyonu gibi altyap\u0131 alan\u0131ndaki temel ihtiya\u00e7lar\u0131 incelemek niyetinde oldu\u011funu ilan etti.<\/p>\n<p style=\"text-align: justify;\">Ka\u015fifi, \u0130ranl\u0131 Tesnim \u0130nternational haber ajans\u0131na yapt\u0131\u011f\u0131 a\u00e7\u0131klamada, Suriye\u2019nin ya\u015fad\u0131klar\u0131na ra\u011fmen, \u00f6zellikle end\u00fcstriyel ve tar\u0131msal alanlarda \u00e7e\u015fitli faaliyetlerin yeniden etkin hale getirilmesinde hakl\u0131 oldu\u011funa i\u015faret ederek, mevcut ihtiya\u00e7lar\u0131n\u0131n baraj, elektrik, su projeleri gibi maruz kald\u0131\u011f\u0131 ter\u00f6r sava\u015f\u0131 sonucunda zarar g\u00f6ren altyap\u0131s\u0131n\u0131 yeniden imar\u0131na yo\u011funla\u015ft\u0131\u011f\u0131n\u0131 belirtti.<\/p>\n<p style=\"text-align: justify;\">Ka\u015fifi, \u0130ran ile Suriye&#8217;yi Irak \u00fczerinden ba\u011flayan ticaret yolunun yeniden a\u00e7\u0131lmas\u0131n\u0131n, iki \u00fclke aras\u0131nda, \u00f6zellikle in\u015faat malzemeleri ihracat\u0131 alan\u0131nda ekonomik de\u011fi\u015fim i\u00e7in f\u0131rsatlar sunaca\u011f\u0131n\u0131 belirtti.<\/p>\n<p>\u00c7eviri: S.\u015eahut<\/p>\n","protected":false},"excerpt":{"rendered":"<p>TAHRAN &#8211; \u0130ran Ticaret Odas\u0131 Y\u00f6netim Kurulu \u00fcyesi olan Kivan Ka\u015fifi, Oda&#8217;n\u0131n \u00f6n\u00fcm\u00fczdeki hafta Suriye&#8217;ye ekonomik bir ekip g\u00f6nderme niyetinde oldu\u011fu gibi hasarl\u0131 barajlar\u0131n retorasyonu gibi altyap\u0131 alan\u0131ndaki temel ihtiya\u00e7lar\u0131 incelemek niyetinde oldu\u011funu ilan etti. Ka\u015fifi, \u0130ranl\u0131 Tesnim \u0130nternational haber ajans\u0131na yapt\u0131\u011f\u0131 a\u00e7\u0131klamada, Suriye\u2019nin ya\u015fad\u0131klar\u0131na ra\u011fmen, \u00f6zellikle end\u00fcstriyel ve tar\u0131msal alanlarda \u00e7e\u015fitli faaliyetlerin yeniden etkin &hellip;<\/p>\n","protected":false},"author":1,"featured_media":185757,"comment_status":"closed","ping_status":"closed","sticky":false,"template":"","format":"standard","meta":{"footnotes":""},"categories":[485,486,17988],"tags":[],"class_list":["post-185756","post","type-post","status-publish","format-standard","has-post-thumbnail","","category-is-ve-sermaye","category-haberler-is-ve-sermaye","category-son-haberler"],"_links":{"self":[{"href":"https:\/\/archive.sana.sy\/tr\/index.php?rest_route=\/wp\/v2\/posts\/185756","targetHints":{"allow":["GET"]}}],"collection":[{"href":"https:\/\/archive.sana.sy\/tr\/index.php?rest_route=\/wp\/v2\/posts"}],"about":[{"href":"https:\/\/archive.sana.sy\/tr\/index.php?rest_route=\/wp\/v2\/types\/post"}],"author":[{"embeddable":true,"href":"https:\/\/archive.sana.sy\/tr\/index.php?rest_route=\/wp\/v2\/users\/1"}],"replies":[{"embeddable":true,"href":"https:\/\/archive.sana.sy\/tr\/index.php?rest_route=%2Fwp%2Fv2%2Fcomments&post=185756"}],"version-history":[{"count":0,"href":"https:\/\/archive.sana.sy\/tr\/index.php?rest_route=\/wp\/v2\/posts\/185756\/revisions"}],"wp:featuredmedia":[{"embeddable":true,"href":"https:\/\/archive.sana.sy\/tr\/index.php?rest_route=\/wp\/v2\/media\/185757"}],"wp:attachment":[{"href":"https:\/\/archive.sana.sy\/tr\/index.php?rest_route=%2Fwp%2Fv2%2Fmedia&parent=185756"}],"wp:term":[{"taxonomy":"category","embeddable":true,"href":"https:\/\/archive.sana.sy\/tr\/index.php?rest_route=%2Fwp%2Fv2%2Fcategories&post=185756"},{"taxonomy":"post_tag","embeddable":true,"href":"https:\/\/archive.sana.sy\/tr\/index.php?rest_route=%2Fwp%2Fv2%2Ftags&post=185756"}],"curies":[{"name":"wp","href":"https:\/\/api.w.org\/{rel}","templated":true}]}}