{"id":185759,"date":"2019-07-07T20:53:26","date_gmt":"2019-07-07T17:53:26","guid":{"rendered":"http:\/\/sana.sy\/tr\/?p=185759"},"modified":"2019-07-08T16:56:06","modified_gmt":"2019-07-08T13:56:06","slug":"salih-suriye-krizine-siyasi-cozum-bulma-cagrisi-yapti","status":"publish","type":"post","link":"https:\/\/archive.sana.sy\/tr\/?p=185759","title":{"rendered":"Salih Suriye Krizine Siyasi \u00c7\u00f6z\u00fcm Bulma \u00c7a\u011fr\u0131s\u0131 Yapt\u0131"},"content":{"rendered":"<p style=\"text-align: justify;\">BA\u011eDAT \u2013 Irak ba\u015fkan\u0131 Behram Salih, Suriye&#8217;deki krize siyasi \u00e7\u00f6z\u00fcm bulunmas\u0131 zorunlulu\u011funa \u00e7a\u011fr\u0131s\u0131n\u0131 yineledi.<\/p>\n<p style=\"text-align: justify;\">Somariye News Haber ajans\u0131 Irak Ba\u015fkanl\u0131\u011f\u0131n\u0131n s\u00f6zlerinden naklen verdi\u011fi haberde,\u00a0 Salih&#8217;in Ba\u011fdat&#8217;taki Suriye&#8217;nin Amerikan \u00d6zel Delegesi James Jefri&#8217;yi kabul\u00fcnde, &#8220;Suriye&#8217;deki durumlar i\u00e7in siyasi \u00e7\u00f6z\u00fcm bulunmas\u0131, Suriyeli karde\u015flerimizin ac\u0131lar\u0131n\u0131n sona erdirilmesi ve ter\u00f6rle m\u00fccadelelerinde onlara yard\u0131mc\u0131 olunmas\u0131 \u00f6nemini&#8221; belirtti\u011fini s\u00f6yledi.<\/p>\n<p style=\"text-align: justify;\">Salih, ask\u0131da bulunan sorunlar\u0131n \u00e7\u00f6z\u00fcm\u00fc i\u00e7in t\u00fcm taraflar aras\u0131nda olumlu diyalo\u011fun d\u00fcnya bar\u0131\u015f temellerini sabitle\u015ftirmeye yard\u0131mc\u0131 olacak \u015fekilde benimsenmesi \u00f6nemine i\u015faret ederek, Irak&#8217;\u0131n halihaz\u0131rdaki gerginlik \u015fiddetini hafifletmek i\u00e7in b\u00f6lge \u00fclkeleri aras\u0131nda g\u00f6r\u00fc\u015f birli\u011fini yak\u0131nla\u015ft\u0131rmak i\u00e7in b\u00fct\u00fcn herkesle dengeli politikan\u0131n izlenmesine \u00e7aba g\u00f6sterdi\u011fine dikkat \u00e7ekti.<\/p>\n<p style=\"text-align: justify;\">Kendi y\u00f6n\u00fcnden Irak Savunma Bakan\u0131 Necah \u015eummari Jefri ile bir araya geli\u015finde, Irak&#8217;\u0131n kendi topraklar\u0131n\u0131 kom\u015fu ve b\u00f6lge \u00fclkelerine kar\u015f\u0131 kullanmaya izin vermeyece\u011fini ayr\u0131ca g\u00fcven ve istikrarlar\u0131na da \u00f6zen g\u00f6sterdi\u011fini dile getirdi.<\/p>\n<p>\u00c7eviri: S.\u015eahut<\/p>\n","protected":false},"excerpt":{"rendered":"<p>BA\u011eDAT \u2013 Irak ba\u015fkan\u0131 Behram Salih, Suriye&#8217;deki krize siyasi \u00e7\u00f6z\u00fcm bulunmas\u0131 zorunlulu\u011funa \u00e7a\u011fr\u0131s\u0131n\u0131 yineledi. Somariye News Haber ajans\u0131 Irak Ba\u015fkanl\u0131\u011f\u0131n\u0131n s\u00f6zlerinden naklen verdi\u011fi haberde,\u00a0 Salih&#8217;in Ba\u011fdat&#8217;taki Suriye&#8217;nin Amerikan \u00d6zel Delegesi James Jefri&#8217;yi kabul\u00fcnde, &#8220;Suriye&#8217;deki durumlar i\u00e7in siyasi \u00e7\u00f6z\u00fcm bulunmas\u0131, Suriyeli karde\u015flerimizin ac\u0131lar\u0131n\u0131n sona erdirilmesi ve ter\u00f6rle m\u00fccadelelerinde onlara yard\u0131mc\u0131 olunmas\u0131 \u00f6nemini&#8221; belirtti\u011fini s\u00f6yledi. Salih, ask\u0131da &hellip;<\/p>\n","protected":false},"author":1,"featured_media":185760,"comment_status":"closed","ping_status":"closed","sticky":false,"template":"","format":"standard","meta":{"footnotes":""},"categories":[458,459,17988],"tags":[],"class_list":["post-185759","post","type-post","status-publish","format-standard","has-post-thumbnail","","category-dunya1","category-haberler-arap-uluslararasi-politika","category-son-haberler"],"_links":{"self":[{"href":"https:\/\/archive.sana.sy\/tr\/index.php?rest_route=\/wp\/v2\/posts\/185759","targetHints":{"allow":["GET"]}}],"collection":[{"href":"https:\/\/archive.sana.sy\/tr\/index.php?rest_route=\/wp\/v2\/posts"}],"about":[{"href":"https:\/\/archive.sana.sy\/tr\/index.php?rest_route=\/wp\/v2\/types\/post"}],"author":[{"embeddable":true,"href":"https:\/\/archive.sana.sy\/tr\/index.php?rest_route=\/wp\/v2\/users\/1"}],"replies":[{"embeddable":true,"href":"https:\/\/archive.sana.sy\/tr\/index.php?rest_route=%2Fwp%2Fv2%2Fcomments&post=185759"}],"version-history":[{"count":0,"href":"https:\/\/archive.sana.sy\/tr\/index.php?rest_route=\/wp\/v2\/posts\/185759\/revisions"}],"wp:featuredmedia":[{"embeddable":true,"href":"https:\/\/archive.sana.sy\/tr\/index.php?rest_route=\/wp\/v2\/media\/185760"}],"wp:attachment":[{"href":"https:\/\/archive.sana.sy\/tr\/index.php?rest_route=%2Fwp%2Fv2%2Fmedia&parent=185759"}],"wp:term":[{"taxonomy":"category","embeddable":true,"href":"https:\/\/archive.sana.sy\/tr\/index.php?rest_route=%2Fwp%2Fv2%2Fcategories&post=185759"},{"taxonomy":"post_tag","embeddable":true,"href":"https:\/\/archive.sana.sy\/tr\/index.php?rest_route=%2Fwp%2Fv2%2Ftags&post=185759"}],"curies":[{"name":"wp","href":"https:\/\/api.w.org\/{rel}","templated":true}]}}